{"id":83392,"date":"2020-04-25T14:02:12","date_gmt":"2020-04-25T18:02:12","guid":{"rendered":"https:\/\/linitiative.ca\/International\/covid-19-trois-nouveaux-cas-de-remission-dans-loriental\/"},"modified":"2020-04-25T14:02:12","modified_gmt":"2020-04-25T18:02:12","slug":"covid-19-trois-nouveaux-cas-de-remission-dans-loriental","status":"publish","type":"post","link":"https:\/\/linitiative.ca\/International\/covid-19-trois-nouveaux-cas-de-remission-dans-loriental\/","title":{"rendered":"Covid-19: Trois nouveaux cas de r\u00e9mission dans l\u2019Oriental"},"content":{"rendered":"<p class=\"c4\">Trois nouveaux cas de gu\u00e9rison du nouveau coronavirus (Covid-19) ont \u00e9t\u00e9 confirm\u00e9s au niveau de la r\u00e9gion de l\u2019Oriental en 22 heures, portant \u00e0 42 le total des r\u00e9missions \u00e0 la date du 25 avril \u00e0 16H00.<\/p>\n<p class=\"c4\">Les nouvelles gu\u00e9risons ont \u00e9t\u00e9 enregistr\u00e9es dans les provinces de Berkane, avec deux cas, et Taourirt qui a connu son premier cas de r\u00e9mission.<\/p>\n<p class=\"c4\">La r\u00e9gion de l\u2019Oriental n\u2019a par ailleurs enregistr\u00e9 aucun nouveau cas d\u2019infection, de m\u00eame que le nombre des d\u00e9c\u00e8s (8 au total) est rest\u00e9 inchang\u00e9, selon les donn\u00e9es de la direction r\u00e9gionale relatives au bilan de l\u2019\u00e9volution de la pand\u00e9mie du Covid-19.<\/p>\n<p class=\"c4\">Concernant la r\u00e9partition g\u00e9ographique des cas d\u2019infection au Covid-19, la pr\u00e9fecture d\u2019Oujda-Angad figure en premi\u00e8re position avec 68 cas, contre 40 dans la province de Nador, 39 dans la province de Berkane et 10 dans la province de Driouch.<\/p>\n<p class=\"c4\">La province de Taourirt enregistre quant \u00e0 elle 9 cas, contre 8 cas pour la province de Guercif et un seul cas dans la province de Figuig, alors qu\u2019aucun cas n\u2019a \u00e9t\u00e9 enregistr\u00e9 jusqu\u2019\u00e0 pr\u00e9sent dans la province de Jerada.<\/p>\n<p class=\"c4\">Un total de 139 nouveaux cas d\u2019infection au nouveau coronavirus (Covid-19) ont \u00e9t\u00e9 confirm\u00e9s au Maroc lors des derni\u00e8res 22 heures, portant \u00e0 3.897 le nombre total des cas de contamination.<\/p>\n<p class=\"c4\">Le nombre de cas gu\u00e9ris s\u2019\u00e9l\u00e8ve, jusqu\u2019\u00e0 samedi \u00e0 16H00, \u00e0 537 avec 51 r\u00e9missions suppl\u00e9mentaires, alors que le nombre de d\u00e9c\u00e8s a atteint 159, a pr\u00e9cis\u00e9 le minist\u00e8re de la Sant\u00e9.<\/p>\n<p>Auteur: Soufiane ELAHMAR<br \/>\n<a href=\"http:\/\/www.mapoujda.ma\/fr\/covid-19-trois-nouveaux-cas-de-remission-dans-loriental\/\">Cliquez ici pour lire l&rsquo;article depuis sa source.<\/a><\/p>\n","protected":false},"excerpt":{"rendered":"<p>Trois nouveaux cas de gu\u00e9rison du nouveau coronavirus (Covid-19) ont \u00e9t\u00e9 confirm\u00e9s au niveau de la r\u00e9gion de l\u2019Oriental en 22 heures, portant \u00e0 42 le total des r\u00e9missions \u00e0 la date du 25 avril \u00e0 16H00. Les nouvelles gu\u00e9risons ont \u00e9t\u00e9 enregistr\u00e9es dans les provinces de Berkane, avec deux cas, et Taourirt qui a [&hellip;]<\/p>\n","protected":false},"author":1788,"featured_media":0,"comment_status":"closed","ping_status":"closed","sticky":false,"template":"","format":"standard","meta":{"fifu_image_url":"","fifu_image_alt":"","footnotes":""},"categories":[54,76],"tags":[],"class_list":["post-83392","post","type-post","status-publish","format-standard","hentry","category-maroc","category-regions"],"_links":{"self":[{"href":"https:\/\/linitiative.ca\/International\/wp-json\/wp\/v2\/posts\/83392","targetHints":{"allow":["GET"]}}],"collection":[{"href":"https:\/\/linitiative.ca\/International\/wp-json\/wp\/v2\/posts"}],"about":[{"href":"https:\/\/linitiative.ca\/International\/wp-json\/wp\/v2\/types\/post"}],"author":[{"embeddable":true,"href":"https:\/\/linitiative.ca\/International\/wp-json\/wp\/v2\/users\/1788"}],"replies":[{"embeddable":true,"href":"https:\/\/linitiative.ca\/International\/wp-json\/wp\/v2\/comments?post=83392"}],"version-history":[{"count":0,"href":"https:\/\/linitiative.ca\/International\/wp-json\/wp\/v2\/posts\/83392\/revisions"}],"wp:attachment":[{"href":"https:\/\/linitiative.ca\/International\/wp-json\/wp\/v2\/media?parent=83392"}],"wp:term":[{"taxonomy":"category","embeddable":true,"href":"https:\/\/linitiative.ca\/International\/wp-json\/wp\/v2\/categories?post=83392"},{"taxonomy":"post_tag","embeddable":true,"href":"https:\/\/linitiative.ca\/International\/wp-json\/wp\/v2\/tags?post=83392"}],"curies":[{"name":"wp","href":"https:\/\/api.w.org\/{rel}","templated":true}]}}