{"id":83402,"date":"2020-04-25T15:11:44","date_gmt":"2020-04-25T19:11:44","guid":{"rendered":"https:\/\/linitiative.ca\/International\/pros-psg-daniel-riolo-affiche-un-doute-sur-la-piste-youcef-atal\/"},"modified":"2020-04-25T15:11:44","modified_gmt":"2020-04-25T19:11:44","slug":"pros-psg-daniel-riolo-affiche-un-doute-sur-la-piste-youcef-atal","status":"publish","type":"post","link":"https:\/\/linitiative.ca\/International\/pros-psg-daniel-riolo-affiche-un-doute-sur-la-piste-youcef-atal\/","title":{"rendered":"Pros : PSG: Daniel Riolo affiche un doute sur la piste Youcef Atal !"},"content":{"rendered":"<div readability=\"32\">\n<p>Auteur : <span class=\"time\">samedi 25 avril 2020 17:31<\/span><\/p>\n<\/div>\n<div id=\"post_core\" readability=\"50\">\n<p>Sous contrat jusqu&rsquo;\u00e0 la fin de la saison, Thomas Meunier devrait quitter le PSG dans les prochains mois. Ainsi, Leonardo s&rsquo;active pour d\u00e9nicher son successeur. Cela serait m\u00eame l&rsquo;une de ses priorit\u00e9s pour cet \u00e9t\u00e9, et les pistes sont nombreuses. Parmi elles, on retrouverait notamment Youcef Atal. En effet, l&rsquo;international alg\u00e9rien ne part pas favori mais reste dans le viseur de Leonardo comme l&rsquo;a r\u00e9cemment expliqu\u00e9 Lo\u00efc Tanzi, journaliste \u00e0 RMC : \u00ab Au d\u00e9but le PSG le voulait car l&rsquo;ambition de Tuchel \u00e9tait de jouer \u00e0 3 derri\u00e8re. (\u2026) \u00c7a a un peu chang\u00e9 maintenant qu&rsquo;il est revenu \u00e0 4, mais c&rsquo;est un joueur que Thomas Tuchel adore, que Leonardo conna\u00eet tr\u00e8s bien, notamment l&rsquo;entourage, mais tout d\u00e9pendra du prix que Nice demande. \u00bb S&rsquo;il reconna\u00eet le talent du joueur de l&rsquo;OGC Nice, Daniel Riolo reste pour sa part sceptique sur une possible arriv\u00e9e d&rsquo;Atal au PSG: \u00abAtal, je l&rsquo;aime beaucoup mais je ne sais pas. Est-ce qu\u2019il veut jouer arri\u00e8re droit, plus haut ? Il ne se fixe pas. Il a juste l&rsquo;exp\u00e9rience Ligue 1. J\u2019aime beaucoup ce joueur, mais je ne sais pas&#8230; \u00bb, avoue le journaliste de RMC dans l&rsquo;After Foot comme rapport\u00e9 par Le 10 Sport.<\/p>\n<p><strong>Publi\u00e9 dans :<\/strong> <span>Atal<\/span><\/p>\n<\/div>\n<p>Auteur:<br \/>\n<a href=\"http:\/\/www.lebuteur.com\/article\/detail?titre=psg-daniel-riolo-affiche-un-doute-sur-la-piste-youcef-atal&#038;id=95728&#038;utm_source=feedburner&#038;utm_medium=feed&#038;utm_campaign=Feed%3A+GalerieFArtciles+%28Les+derniers+articles++-+lebuteur.com%29\">Cliquez ici pour lire l&rsquo;article depuis sa source.<\/a><\/p>\n","protected":false},"excerpt":{"rendered":"<p>Auteur : samedi 25 avril 2020 17:31 Sous contrat jusqu&rsquo;\u00e0 la fin de la saison, Thomas Meunier devrait quitter le PSG dans les prochains mois. Ainsi, Leonardo s&rsquo;active pour d\u00e9nicher son successeur. Cela serait m\u00eame l&rsquo;une de ses priorit\u00e9s pour cet \u00e9t\u00e9, et les pistes sont nombreuses. Parmi elles, on retrouverait notamment Youcef Atal. En [&hellip;]<\/p>\n","protected":false},"author":1738,"featured_media":83403,"comment_status":"closed","ping_status":"closed","sticky":false,"template":"","format":"standard","meta":{"fifu_image_url":"","fifu_image_alt":"","footnotes":""},"categories":[53,75],"tags":[],"class_list":["post-83402","post","type-post","status-publish","format-standard","has-post-thumbnail","hentry","category-algerie","category-sport"],"_links":{"self":[{"href":"https:\/\/linitiative.ca\/International\/wp-json\/wp\/v2\/posts\/83402","targetHints":{"allow":["GET"]}}],"collection":[{"href":"https:\/\/linitiative.ca\/International\/wp-json\/wp\/v2\/posts"}],"about":[{"href":"https:\/\/linitiative.ca\/International\/wp-json\/wp\/v2\/types\/post"}],"author":[{"embeddable":true,"href":"https:\/\/linitiative.ca\/International\/wp-json\/wp\/v2\/users\/1738"}],"replies":[{"embeddable":true,"href":"https:\/\/linitiative.ca\/International\/wp-json\/wp\/v2\/comments?post=83402"}],"version-history":[{"count":0,"href":"https:\/\/linitiative.ca\/International\/wp-json\/wp\/v2\/posts\/83402\/revisions"}],"wp:featuredmedia":[{"embeddable":true,"href":"https:\/\/linitiative.ca\/International\/wp-json\/"}],"wp:attachment":[{"href":"https:\/\/linitiative.ca\/International\/wp-json\/wp\/v2\/media?parent=83402"}],"wp:term":[{"taxonomy":"category","embeddable":true,"href":"https:\/\/linitiative.ca\/International\/wp-json\/wp\/v2\/categories?post=83402"},{"taxonomy":"post_tag","embeddable":true,"href":"https:\/\/linitiative.ca\/International\/wp-json\/wp\/v2\/tags?post=83402"}],"curies":[{"name":"wp","href":"https:\/\/api.w.org\/{rel}","templated":true}]}}