{"id":83404,"date":"2020-04-25T15:11:46","date_gmt":"2020-04-25T19:11:46","guid":{"rendered":"https:\/\/linitiative.ca\/International\/international-de-bruyne-ignore-mahrez-et-designe-mane-meilleur-joueur-de-la-premier-league\/"},"modified":"2020-04-25T15:11:46","modified_gmt":"2020-04-25T19:11:46","slug":"international-de-bruyne-ignore-mahrez-et-designe-mane-meilleur-joueur-de-la-premier-league","status":"publish","type":"post","link":"https:\/\/linitiative.ca\/International\/international-de-bruyne-ignore-mahrez-et-designe-mane-meilleur-joueur-de-la-premier-league\/","title":{"rendered":"International : De Bruyne ignore Mahrez et d\u00e9signe Man\u00e9 meilleur joueur de la Premier League !"},"content":{"rendered":"<div readability=\"32\">\n<p>Auteur : <span class=\"time\">samedi 25 avril 2020 17:45<\/span><\/p>\n<\/div>\n<div id=\"post_core\" readability=\"50\">\n<p>Ce week-end, sans la pand\u00e9mie de coronavirus, aurait d\u00fb se tenir la c\u00e9r\u00e9monie des prix PFA, les r\u00e9compenses du syndicat des joueurs de Premier League. Un troph\u00e9e est notamment tr\u00e8s pris\u00e9, celui de joueur de l\u2019ann\u00e9e de la PFA. L\u2019an pass\u00e9, c\u2019est Virgil van Dijk qui avait obtenu la r\u00e9compense, mais il pourrait ne pas avoir de successeur, car la c\u00e9r\u00e9monie a \u00e9t\u00e9 report\u00e9e \u00e0 une date ind\u00e9finie. Un troph\u00e9e de plus qui risque de filer sous le nez de Liverpool, puisque deux joueurs des Reds \u00e9taient favoris pour l\u2019obtention de ce prix : Jordan Henderson et Sadio Man\u00e9. Un duel prestigieux, pour lequel Kevin De Bruyne (Manchester City) a fait son choix, comme il l\u2019a d\u00e9clar\u00e9 dans un live Instagram pour la cha\u00eene BT Sport : \u00ab Oui, je dirais Man\u00e9. Je pense qu\u2019il a eu le package total cette ann\u00e9e pour Liverpool. Il a \u00e9t\u00e9 important, donc si je devais choisir quelqu\u2019un, je choisirais Man\u00e9.\u00bbrapporte OnzeMondial.<\/p>\n<p><strong>Publi\u00e9 dans :<\/strong> <span>Mahrez<\/span> <span>man\u00e9<\/span><\/p>\n<\/div>\n<p>Auteur:<br \/>\n<a href=\"http:\/\/www.lebuteur.com\/article\/detail?titre=de-bruyne-ignore-mahrez-et-designe-mane-meilleur-joueur-de-la-premier-league&#038;id=95729&#038;utm_source=feedburner&#038;utm_medium=feed&#038;utm_campaign=Feed%3A+GalerieFArtciles+%28Les+derniers+articles++-+lebuteur.com%29\">Cliquez ici pour lire l&rsquo;article depuis sa source.<\/a><\/p>\n","protected":false},"excerpt":{"rendered":"<p>Auteur : samedi 25 avril 2020 17:45 Ce week-end, sans la pand\u00e9mie de coronavirus, aurait d\u00fb se tenir la c\u00e9r\u00e9monie des prix PFA, les r\u00e9compenses du syndicat des joueurs de Premier League. Un troph\u00e9e est notamment tr\u00e8s pris\u00e9, celui de joueur de l\u2019ann\u00e9e de la PFA. L\u2019an pass\u00e9, c\u2019est Virgil van Dijk qui avait obtenu [&hellip;]<\/p>\n","protected":false},"author":1738,"featured_media":83405,"comment_status":"closed","ping_status":"closed","sticky":false,"template":"","format":"standard","meta":{"fifu_image_url":"","fifu_image_alt":"","footnotes":""},"categories":[53,75],"tags":[],"class_list":["post-83404","post","type-post","status-publish","format-standard","has-post-thumbnail","hentry","category-algerie","category-sport"],"_links":{"self":[{"href":"https:\/\/linitiative.ca\/International\/wp-json\/wp\/v2\/posts\/83404","targetHints":{"allow":["GET"]}}],"collection":[{"href":"https:\/\/linitiative.ca\/International\/wp-json\/wp\/v2\/posts"}],"about":[{"href":"https:\/\/linitiative.ca\/International\/wp-json\/wp\/v2\/types\/post"}],"author":[{"embeddable":true,"href":"https:\/\/linitiative.ca\/International\/wp-json\/wp\/v2\/users\/1738"}],"replies":[{"embeddable":true,"href":"https:\/\/linitiative.ca\/International\/wp-json\/wp\/v2\/comments?post=83404"}],"version-history":[{"count":0,"href":"https:\/\/linitiative.ca\/International\/wp-json\/wp\/v2\/posts\/83404\/revisions"}],"wp:featuredmedia":[{"embeddable":true,"href":"https:\/\/linitiative.ca\/International\/wp-json\/"}],"wp:attachment":[{"href":"https:\/\/linitiative.ca\/International\/wp-json\/wp\/v2\/media?parent=83404"}],"wp:term":[{"taxonomy":"category","embeddable":true,"href":"https:\/\/linitiative.ca\/International\/wp-json\/wp\/v2\/categories?post=83404"},{"taxonomy":"post_tag","embeddable":true,"href":"https:\/\/linitiative.ca\/International\/wp-json\/wp\/v2\/tags?post=83404"}],"curies":[{"name":"wp","href":"https:\/\/api.w.org\/{rel}","templated":true}]}}