{"id":83409,"date":"2020-04-25T15:16:34","date_gmt":"2020-04-25T19:16:34","guid":{"rendered":"https:\/\/linitiative.ca\/International\/mesures-pour-contenir-la-propagation-de-la-pandemie-letat-conforte-par-des-organisations-internationales\/"},"modified":"2020-04-25T15:16:34","modified_gmt":"2020-04-25T19:16:34","slug":"mesures-pour-contenir-la-propagation-de-la-pandemie-letat-conforte-par-des-organisations-internationales","status":"publish","type":"post","link":"https:\/\/linitiative.ca\/International\/mesures-pour-contenir-la-propagation-de-la-pandemie-letat-conforte-par-des-organisations-internationales\/","title":{"rendered":"Mesures pour contenir la propagation de la pand\u00e9mie : L\u2019Etat confort\u00e9  par des organisations internationales"},"content":{"rendered":"<p>D\u00e8s l\u2019enregistrement du premier cas, le gouvernement a \u00e9t\u00e9 extr\u00eamement prompt \u00e0 r\u00e9agir par des mesures s\u00e9v\u00e8res en riposte \u00e0 cette crise sanitaire plan\u00e9taire sans pr\u00e9c\u00e9dent. Une menace globale qui se propage de mani\u00e8re exponentielle.<\/p>\n<p>Les efforts d\u00e9ploy\u00e9s sur le front de la lutte n\u2019ont pas \u00e9t\u00e9 vains. Le syst\u00e8me des Nations Unies en Alg\u00e9rie a pris acte des mesures prises par notre gouvernement, mettant l\u2019accent sur le d\u00e9vouement des hommes et des femmes mobilis\u00e9s en permanence, d\u00e9termin\u00e9s\u00a0 \u00e0 venir \u00e0 bout d\u2019une crise sanitaire aussi brutale que meurtri\u00e8re, \u00e0 s\u2019attaquer \u00e0 ses dimensions sociale et \u00e9conomique. Le vaste et exemplaire mouvement de solidarit\u00e9 de nos concitoyens, de la soci\u00e9t\u00e9 civile, la contribution de notre\u00a0 communaut\u00e9 scientifique, ont \u00e9t\u00e9 relev\u00e9s et salu\u00e9s par M. Eric Overvest, coordinateur r\u00e9sident su syst\u00e8me des Nations Unies en Alg\u00e9rie.\u00a0<\/p>\n<p>Un grand cr\u00e9dit et une reconnaissance\u00a0 sont accord\u00e9s \u00e0 nos\u00a0 pouvoirs publics et aux citoyens. Ce satisfecit prodigu\u00e9 par l\u2019instance onusienne est une preuve concr\u00e8te de la justesse et de la validit\u00e9\u00a0 de l&rsquo;exp\u00e9rience alg\u00e9rienne en mati\u00e8re de lutte contre le coronavirus. La situation en Alg\u00e9rie est plus ou moins ma\u00eetris\u00e9e.\u00a0\u00a0<\/p>\n<p>Le repr\u00e9sentant de l&rsquo;Organisation mondiale de la sant\u00e9\u00a0 en Alg\u00e9rie, Bla Fran\u00e7ois Nguessan, abonde dans le m\u00eame sens.\u00a0 Il a f\u00e9licit\u00e9 notre pays\u00a0 pour les mesures prises pour circonscrire l&rsquo;\u00e9pid\u00e9mie. Les personnels de sant\u00e9 font preuve d\u2019un total d\u00e9vouement, d\u2019un sacrifice exemplaire pour gu\u00e9rir les victimes du virus. L\u2019effet surprise pass\u00e9, les blouses blanches se sont mobilis\u00e9es pour faire \u00e9chec \u00e0 la pand\u00e9mie.<\/p>\n<p>Les r\u00e9sultats obtenus sont encourageants. Tout cela pousse \u00e0 l\u2019optimisme. Toutefois, il importe de maintenir la garde, d\u2019exhorter nos concitoyens \u00e0 rester vigilants dans la lutte contre le Covid-19, et surtout \u00e0 veiller au respect strict des mesures barri\u00e8res. L\u2019apr\u00e8s-pand\u00e9mie ne doit pas nous \u00e9loigner d\u2019une certitude que la r\u00e9alit\u00e9 sur le terrain rend \u00e9vidente,\u00a0 eu \u00e9gard\u00a0 aux\u00a0 difficult\u00e9s quotidiennes rencontr\u00e9es par les patients en termes de prestations de soins.\u00a0<\/p>\n<p>Le besoin d\u2019une reprise en main vigoureuse est des plus n\u00e9cessaires. Tout le monde s\u2019accorde \u00e0 dire que les structures ne suffisent pas et que les seules d\u00e9penses ne garantissent pas l\u2019optimisation et la fiabilit\u00e9 du secteur de la sant\u00e9. D\u2019autant plus que les r\u00e9formes op\u00e9r\u00e9es jusqu\u2019\u00e0 pr\u00e9sent n\u2019ont pas donn\u00e9 les fruits escompt\u00e9s.\u00a0<\/p>\n<p>C\u2019est pour cela que les mesures de restructuration profondes annonc\u00e9es par le pr\u00e9sident Abdelmadjid Tebboune viennent \u00e0 point nomm\u00e9 pour impulser un nouvel \u00e9lan \u00e0 ce secteur n\u00e9vralgique. Il s\u2019agit d\u2019une priorit\u00e9 qui ne peut plus attendre car la persistance de\u00a0 carences\u00a0 av\u00e9r\u00e9es risque\u00a0 de compromettre deux principes fondamentaux, \u00e0 savoir l\u2019accessibilit\u00e9 et l\u2019\u00e9quit\u00e9 dans les\u00a0 soins.\u00a0<\/p>\n<p>Cette priorit\u00e9 se justifie aussi par le fait\u00a0 que le pays est tenu de faire face \u00e0\u00a0 \u00a0des mutations socio-\u00e9conomiques, d\u00e9mographiques et \u00e9pid\u00e9miologiques.\u00a0<\/p>\n<p><strong>M. Bouraib<\/strong><\/p>\n<p>Auteur: elmoudjahid<br \/>\n<a href=\"http:\/\/www.elmoudjahid.com\/fr\/actualites\/152192\">Cliquez ici pour lire l&rsquo;article depuis sa source.<\/a><\/p>\n","protected":false},"excerpt":{"rendered":"<p>D\u00e8s l\u2019enregistrement du premier cas, le gouvernement a \u00e9t\u00e9 extr\u00eamement prompt \u00e0 r\u00e9agir par des mesures s\u00e9v\u00e8res en riposte \u00e0 cette crise sanitaire plan\u00e9taire sans pr\u00e9c\u00e9dent. Une menace globale qui se propage de mani\u00e8re exponentielle. Les efforts d\u00e9ploy\u00e9s sur le front de la lutte n\u2019ont pas \u00e9t\u00e9 vains. Le syst\u00e8me des Nations Unies en Alg\u00e9rie [&hellip;]<\/p>\n","protected":false},"author":1744,"featured_media":0,"comment_status":"closed","ping_status":"closed","sticky":false,"template":"","format":"standard","meta":{"fifu_image_url":"","fifu_image_alt":"","footnotes":""},"categories":[73,53],"tags":[],"class_list":["post-83409","post","type-post","status-publish","format-standard","hentry","category-actualite","category-algerie"],"_links":{"self":[{"href":"https:\/\/linitiative.ca\/International\/wp-json\/wp\/v2\/posts\/83409","targetHints":{"allow":["GET"]}}],"collection":[{"href":"https:\/\/linitiative.ca\/International\/wp-json\/wp\/v2\/posts"}],"about":[{"href":"https:\/\/linitiative.ca\/International\/wp-json\/wp\/v2\/types\/post"}],"author":[{"embeddable":true,"href":"https:\/\/linitiative.ca\/International\/wp-json\/wp\/v2\/users\/1744"}],"replies":[{"embeddable":true,"href":"https:\/\/linitiative.ca\/International\/wp-json\/wp\/v2\/comments?post=83409"}],"version-history":[{"count":0,"href":"https:\/\/linitiative.ca\/International\/wp-json\/wp\/v2\/posts\/83409\/revisions"}],"wp:attachment":[{"href":"https:\/\/linitiative.ca\/International\/wp-json\/wp\/v2\/media?parent=83409"}],"wp:term":[{"taxonomy":"category","embeddable":true,"href":"https:\/\/linitiative.ca\/International\/wp-json\/wp\/v2\/categories?post=83409"},{"taxonomy":"post_tag","embeddable":true,"href":"https:\/\/linitiative.ca\/International\/wp-json\/wp\/v2\/tags?post=83409"}],"curies":[{"name":"wp","href":"https:\/\/api.w.org\/{rel}","templated":true}]}}