{"id":83412,"date":"2020-04-25T14:50:00","date_gmt":"2020-04-25T18:50:00","guid":{"rendered":"https:\/\/linitiative.ca\/International\/afin-de-reduire-limpact-economique-et-social-de-la-crise-sanitaireelargissement-des-secteurs-dactivites-et-louverture-des-commerces-pm\/"},"modified":"2020-04-25T14:50:00","modified_gmt":"2020-04-25T18:50:00","slug":"afin-de-reduire-limpact-economique-et-social-de-la-crise-sanitaireelargissement-des-secteurs-dactivites-et-louverture-des-commerces-pm","status":"publish","type":"post","link":"https:\/\/linitiative.ca\/International\/afin-de-reduire-limpact-economique-et-social-de-la-crise-sanitaireelargissement-des-secteurs-dactivites-et-louverture-des-commerces-pm\/","title":{"rendered":"Afin de r\u00e9duire l\u2019impact \u00e9conomique et social de la crise sanitaire:\u00c9largissement des secteurs d\u2019activit\u00e9s et l\u2019ouverture des commerces (PM)"},"content":{"rendered":"<p class=\"c6\">\u00a0<\/p>\n<p>Il s\u2019agit des activit\u00e9s et des commerces suivants\u00a0:<\/p>\n<ul>\n<li>Taxis urbains\u00a0;<\/li>\n<li>Salons de coiffure;<\/li>\n<li>P\u00e2tisserie, confiserie et g\u00e2teaux traditionnels,<\/li>\n<li>Habillement et chaussures<\/li>\n<li>\u00a0Commerce d\u2019\u00e9lectrom\u00e9nager\u00a0;<\/li>\n<li>Commerce d\u2019articles et ustensiles de cuisines\u00a0;<\/li>\n<li>Commerce de tissus, de mercerie et de bonneterie\u00a0;<\/li>\n<li>Bijouteries et horlogeries\u00a0;<\/li>\n<li>Commerce de produits cosm\u00e9tiques et parfumeries\u00a0;<\/li>\n<li>Commerce de meuble et de mobiliers de bureaux\u00a0;<\/li>\n<li>Librairies et vente d\u2019articles scolaires\u00a0;<\/li>\n<li>Commerce en gros et d\u00e9tails de mat\u00e9riaux de BTPH (c\u00e9ramiques, appareillage \u00e9lectrique et produits sanitaires, agr\u00e9gats et liants, articles de peinture, boiseries, canalisation et tuyauterie,\u2026. etc).<\/li>\n<\/ul>\n<p>En \u00a0ce qui concerne les activit\u00e9s de coiffure et de transport par taxi \u00e0 l\u2019int\u00e9rieur du p\u00e9rim\u00e8tre urbain ainsi que les commerces d\u2019habillement et de chaussures, il appartient \u00e0 Messieurs les walis de d\u00e9finir les conditions de pr\u00e9vention sanitaire \u00e0 respecter avec rigueur, a conclu le communiqu\u00e9.<\/p>\n<p>NB\/ R\u00e9daction Web\u00a0<\/p>\n<p>Auteur: elmoudjahid<br \/>\n<a href=\"http:\/\/www.elmoudjahid.com\/fr\/actualites\/152195\">Cliquez ici pour lire l&rsquo;article depuis sa source.<\/a><\/p>\n","protected":false},"excerpt":{"rendered":"<p>\u00a0 Il s\u2019agit des activit\u00e9s et des commerces suivants\u00a0: Taxis urbains\u00a0; Salons de coiffure; P\u00e2tisserie, confiserie et g\u00e2teaux traditionnels, Habillement et chaussures \u00a0Commerce d\u2019\u00e9lectrom\u00e9nager\u00a0; Commerce d\u2019articles et ustensiles de cuisines\u00a0; Commerce de tissus, de mercerie et de bonneterie\u00a0; Bijouteries et horlogeries\u00a0; Commerce de produits cosm\u00e9tiques et parfumeries\u00a0; Commerce de meuble et de mobiliers de bureaux\u00a0; [&hellip;]<\/p>\n","protected":false},"author":1744,"featured_media":0,"comment_status":"closed","ping_status":"closed","sticky":false,"template":"","format":"standard","meta":{"fifu_image_url":"","fifu_image_alt":"","footnotes":""},"categories":[73,53],"tags":[],"class_list":["post-83412","post","type-post","status-publish","format-standard","hentry","category-actualite","category-algerie"],"_links":{"self":[{"href":"https:\/\/linitiative.ca\/International\/wp-json\/wp\/v2\/posts\/83412","targetHints":{"allow":["GET"]}}],"collection":[{"href":"https:\/\/linitiative.ca\/International\/wp-json\/wp\/v2\/posts"}],"about":[{"href":"https:\/\/linitiative.ca\/International\/wp-json\/wp\/v2\/types\/post"}],"author":[{"embeddable":true,"href":"https:\/\/linitiative.ca\/International\/wp-json\/wp\/v2\/users\/1744"}],"replies":[{"embeddable":true,"href":"https:\/\/linitiative.ca\/International\/wp-json\/wp\/v2\/comments?post=83412"}],"version-history":[{"count":0,"href":"https:\/\/linitiative.ca\/International\/wp-json\/wp\/v2\/posts\/83412\/revisions"}],"wp:attachment":[{"href":"https:\/\/linitiative.ca\/International\/wp-json\/wp\/v2\/media?parent=83412"}],"wp:term":[{"taxonomy":"category","embeddable":true,"href":"https:\/\/linitiative.ca\/International\/wp-json\/wp\/v2\/categories?post=83412"},{"taxonomy":"post_tag","embeddable":true,"href":"https:\/\/linitiative.ca\/International\/wp-json\/wp\/v2\/tags?post=83412"}],"curies":[{"name":"wp","href":"https:\/\/api.w.org\/{rel}","templated":true}]}}