{"id":83416,"date":"2020-04-25T12:42:00","date_gmt":"2020-04-25T16:42:00","guid":{"rendered":"https:\/\/linitiative.ca\/International\/apc-de-mascara-le-laboratoire-communal-fabrique-du-gel-sterilisant\/"},"modified":"2020-04-25T12:42:00","modified_gmt":"2020-04-25T16:42:00","slug":"apc-de-mascara-le-laboratoire-communal-fabrique-du-gel-sterilisant","status":"publish","type":"post","link":"https:\/\/linitiative.ca\/International\/apc-de-mascara-le-laboratoire-communal-fabrique-du-gel-sterilisant\/","title":{"rendered":"APC DE MASCARA : Le laboratoire communal fabrique du \u00ab\u00a0gel\u00a0\u00bb st\u00e9rilisant"},"content":{"rendered":"<p><br id=\"sep_para_1\" class=\"sep_para access\"\/><\/p>\n<div id=\"para_1\" class=\"para_36655066 resize\">\n<div class=\"texte access firstletter\">Le pr\u00e9sident de l&rsquo;assembl\u00e9e populaire communale de Mascara, Docteur Ameur Sid Ahmed, a d\u00e9clar\u00e9 que dans le cadre de la lutte contre la propagation du virus Corona, et dans une initiative qui est une premi\u00e8re du genre au niveau national, le laboratoire communal relevant du bureau d&rsquo;hygi\u00e8ne de Mascara, commencera \u00e0 partir de cette semaine la fabrication dans un premier temps, de 500 litres de solution \u00ab\u00a0gel\u00a0\u00bb desinfectant, selon les crit\u00e8res et les normes \u00e9nonc\u00e9s par l&rsquo;organisation mondiale de la sant\u00e9 (OMS). Ce gel sera distribu\u00e9 gratuitement aux \u00e9tablissements de sant\u00e9 et aux administrations publiques, notamment celles dont les \u00e9l\u00e9ments sont dans les premiers rangs pour affronter et combattre l&rsquo;\u00e9pid\u00e9mie, et ce face \u00e0 la forte demande en raison de son utilisation par les m\u00e9decins et les infirmiers, les agents de la protection civile, les \u00e9l\u00e9ments de la suret\u00e9 nationale et de la gendarmerie nationale. Il convient de noter, que depuis le d\u00e9but de la crise sanitaire dans notre pays, les services de la commune de Mascara ont pris plusieurs mesures pr\u00e9ventives et des mesures pour limiter la propagation du virus Corona, en cr\u00e9ant une cellule de gestion de crise et en impliquant un certain nombre d&rsquo;associations caritatives, ainsi que d&rsquo;activistes de la soci\u00e9t\u00e9 civile. C&rsquo;est ainsi que le nombre de masques distribu\u00e9s apr\u00e8s leur st\u00e9rilisation dans le laboratoire communal, a d\u00e9pass\u00e9 30 000 masques, en plus de la distribution de plus de 1.500 v\u00eatements de protection, aux m\u00e9decins, infirmiers et autres travailleurs du secteur de la sant\u00e9.\u00a0\u00a0\u00a0\u00a0\u00a0\u00a0\u00a0\u00a0\u00a0\u00a0\u00a0\u00a0\u00a0\u00a0\u00a0\u00a0\u00a0<\/div>\n<\/div>\n<p>Auteur: Sahraoui Lahcene<br \/>\n<a href=\"https:\/\/www.reflexiondz.net\/APC-DE-MASCARA-Le-laboratoire-communal-fabrique-du-gel-sterilisant_a62234.html\">Cliquez ici pour lire l&rsquo;article depuis sa source.<\/a><\/p>\n","protected":false},"excerpt":{"rendered":"<p>Le pr\u00e9sident de l&rsquo;assembl\u00e9e populaire communale de Mascara, Docteur Ameur Sid Ahmed, a d\u00e9clar\u00e9 que dans le cadre de la lutte contre la propagation du virus Corona, et dans une initiative qui est une premi\u00e8re du genre au niveau national, le laboratoire communal relevant du bureau d&rsquo;hygi\u00e8ne de Mascara, commencera \u00e0 partir de cette semaine [&hellip;]<\/p>\n","protected":false},"author":1740,"featured_media":0,"comment_status":"closed","ping_status":"closed","sticky":false,"template":"","format":"standard","meta":{"fifu_image_url":"","fifu_image_alt":"","footnotes":""},"categories":[53,76],"tags":[],"class_list":["post-83416","post","type-post","status-publish","format-standard","hentry","category-algerie","category-regions"],"_links":{"self":[{"href":"https:\/\/linitiative.ca\/International\/wp-json\/wp\/v2\/posts\/83416","targetHints":{"allow":["GET"]}}],"collection":[{"href":"https:\/\/linitiative.ca\/International\/wp-json\/wp\/v2\/posts"}],"about":[{"href":"https:\/\/linitiative.ca\/International\/wp-json\/wp\/v2\/types\/post"}],"author":[{"embeddable":true,"href":"https:\/\/linitiative.ca\/International\/wp-json\/wp\/v2\/users\/1740"}],"replies":[{"embeddable":true,"href":"https:\/\/linitiative.ca\/International\/wp-json\/wp\/v2\/comments?post=83416"}],"version-history":[{"count":0,"href":"https:\/\/linitiative.ca\/International\/wp-json\/wp\/v2\/posts\/83416\/revisions"}],"wp:attachment":[{"href":"https:\/\/linitiative.ca\/International\/wp-json\/wp\/v2\/media?parent=83416"}],"wp:term":[{"taxonomy":"category","embeddable":true,"href":"https:\/\/linitiative.ca\/International\/wp-json\/wp\/v2\/categories?post=83416"},{"taxonomy":"post_tag","embeddable":true,"href":"https:\/\/linitiative.ca\/International\/wp-json\/wp\/v2\/tags?post=83416"}],"curies":[{"name":"wp","href":"https:\/\/api.w.org\/{rel}","templated":true}]}}