{"id":83417,"date":"2020-04-25T12:55:00","date_gmt":"2020-04-25T16:55:00","guid":{"rendered":"https:\/\/linitiative.ca\/International\/le-president-tebboune-regrette-la-non-inauguration-de-la-grande-mosquee\/"},"modified":"2020-04-25T12:55:00","modified_gmt":"2020-04-25T16:55:00","slug":"le-president-tebboune-regrette-la-non-inauguration-de-la-grande-mosquee","status":"publish","type":"post","link":"https:\/\/linitiative.ca\/International\/le-president-tebboune-regrette-la-non-inauguration-de-la-grande-mosquee\/","title":{"rendered":"Le pr\u00e9sident Tebboune regrette la non-inauguration de la Grande mosqu\u00e9e"},"content":{"rendered":"<p><br id=\"sep_para_1\" class=\"sep_para access\"\/><\/p>\n<div id=\"para_1\" class=\"para_36655192 resize\">\n<div class=\"texte access firstletter\">Le chef de l\u2019Etat, Abdelmadjid Tebboune, fait savoir, jeudi 23 avril, qu\u2019il comptait inaugurer la Grande mosqu\u00e9e d\u2019El Mohammadia (Alger) le d\u00e9but du mois de Ramadan. \u00ab J\u2019aurai tant souhait\u00e9 que nous c\u00e9l\u00e9brions ensemble l\u2019av\u00e8nement de ce mois sacr\u00e9 par l\u2019inauguration de la Grande mosqu\u00e9e d\u2019Alger \u00e0 El Mohammadia, h\u00e9las la volont\u00e9 divine en a d\u00e9cid\u00e9 autrement \u00bb, a \u00e9crit M. Tebboune dans son message adress\u00e9 aux Alg\u00e9riens \u00e0 l\u2019occasion du mois sacr\u00e9 de Ramadan. \u00ab Ainsi, nous aurons \u00e0 accomplir, pour la premi\u00e8re fois, les Tarawih dans nos maisons du fait de la suspension momentan\u00e9e des pri\u00e8res du Vendredi et de la Jama\u00e2a (collectives). Certes, la situation est difficile \u00e0 accepter mais nous ne pouvons que nous r\u00e9signer face \u00e0 Sa volont\u00e9 \u00bb, a ajout\u00e9 le chef de l\u2019Etat.<\/div>\n<\/div>\n<p>Auteur: R\u00e9flexion<br \/>\n<a href=\"https:\/\/www.reflexiondz.net\/Le-president-Tebboune-regrette-la-non-inauguration-de-la-Grande-mosquee_a62263.html\">Cliquez ici pour lire l&rsquo;article depuis sa source.<\/a><\/p>\n","protected":false},"excerpt":{"rendered":"<p>Le chef de l\u2019Etat, Abdelmadjid Tebboune, fait savoir, jeudi 23 avril, qu\u2019il comptait inaugurer la Grande mosqu\u00e9e d\u2019El Mohammadia (Alger) le d\u00e9but du mois de Ramadan. \u00ab J\u2019aurai tant souhait\u00e9 que nous c\u00e9l\u00e9brions ensemble l\u2019av\u00e8nement de ce mois sacr\u00e9 par l\u2019inauguration de la Grande mosqu\u00e9e d\u2019Alger \u00e0 El Mohammadia, h\u00e9las la volont\u00e9 divine en a [&hellip;]<\/p>\n","protected":false},"author":1740,"featured_media":0,"comment_status":"closed","ping_status":"closed","sticky":false,"template":"","format":"standard","meta":{"fifu_image_url":"","fifu_image_alt":"","footnotes":""},"categories":[53,76],"tags":[],"class_list":["post-83417","post","type-post","status-publish","format-standard","hentry","category-algerie","category-regions"],"_links":{"self":[{"href":"https:\/\/linitiative.ca\/International\/wp-json\/wp\/v2\/posts\/83417","targetHints":{"allow":["GET"]}}],"collection":[{"href":"https:\/\/linitiative.ca\/International\/wp-json\/wp\/v2\/posts"}],"about":[{"href":"https:\/\/linitiative.ca\/International\/wp-json\/wp\/v2\/types\/post"}],"author":[{"embeddable":true,"href":"https:\/\/linitiative.ca\/International\/wp-json\/wp\/v2\/users\/1740"}],"replies":[{"embeddable":true,"href":"https:\/\/linitiative.ca\/International\/wp-json\/wp\/v2\/comments?post=83417"}],"version-history":[{"count":0,"href":"https:\/\/linitiative.ca\/International\/wp-json\/wp\/v2\/posts\/83417\/revisions"}],"wp:attachment":[{"href":"https:\/\/linitiative.ca\/International\/wp-json\/wp\/v2\/media?parent=83417"}],"wp:term":[{"taxonomy":"category","embeddable":true,"href":"https:\/\/linitiative.ca\/International\/wp-json\/wp\/v2\/categories?post=83417"},{"taxonomy":"post_tag","embeddable":true,"href":"https:\/\/linitiative.ca\/International\/wp-json\/wp\/v2\/tags?post=83417"}],"curies":[{"name":"wp","href":"https:\/\/api.w.org\/{rel}","templated":true}]}}