{"id":83420,"date":"2020-04-24T15:35:00","date_gmt":"2020-04-24T19:35:00","guid":{"rendered":"https:\/\/linitiative.ca\/International\/amendement-du-code-penal-le-discours-de-la-haine-en-ligne-de-mire\/"},"modified":"2020-04-24T15:35:00","modified_gmt":"2020-04-24T19:35:00","slug":"amendement-du-code-penal-le-discours-de-la-haine-en-ligne-de-mire","status":"publish","type":"post","link":"https:\/\/linitiative.ca\/International\/amendement-du-code-penal-le-discours-de-la-haine-en-ligne-de-mire\/","title":{"rendered":"Amendement du Code p\u00e9nal : Le discours de la haine en ligne de mire"},"content":{"rendered":"<p><strong>Le discours de la haine diffus\u00e9 propag\u00e9 sur les m\u00e9dias et les r\u00e9seaux sociaux constitue la cible principale des nouveaux amendements du Code p\u00e9nal adopt\u00e9 par les deux chambres du parlement la semaine derni\u00e8re.<\/strong><\/p>\n<blockquote readability=\"9\">\n<p><span class=\"c5\"><strong><em>Selon les concepteurs du texte, l\u2019objectif est de \u00ab\u00a0combler un vide juridique, responsabiliser les auteurs et adapter le cadre juridique national \u00e0 l\u2019\u00e9volution de la soci\u00e9t\u00e9 notamment en termes d\u2019usage des r\u00e9seaux sociaux et autres outils de communication \u00e9lectroniques\u00a0\u00bb.<\/em><\/strong><\/span><\/p>\n<\/blockquote>\n<p>Lors du Conseil des ministres il \u00e9tait question, \u00e0 travers ces amendements d\u2019assurer le cadre juridique qui battrait en br\u00e8che les fausses informations et le discours de la haine.<\/p>\n<p>Le ministre de la Communication, porte-parole du gouvernement, Ammar Belhimer, avait affirm\u00e9, dans des pr\u00e9c\u00e9dentes d\u00e9clarations faites \u00e0 la presse en marge de ses activit\u00e9s, que la lutte contre les fake news exigeait \u00ab\u00a0une conjugaison des efforts de tout un chacun, notamment des techniciens et des juristes\u00a0\u00bb, pour adapter les lois aux nouveaut\u00e9s techniques et technologiques.<\/p>\n<p>Il avait indiqu\u00e9 que ce ph\u00e9nom\u00e8ne s\u2019\u00e9tait amplifi\u00e9 \u00ab\u00a0avec l\u2019usage du web\u00a0\u00bb par \u00ab\u00a0certains individus\u00a0\u00bb dans le but, entre autres, de \u00ab\u00a0nuire \u00e0 la vie priv\u00e9e d\u2019autrui\u00a0\u00bb. Le ministre de la Justice, Garde des sceaux, Belkacem Zeghmati a soulign\u00e9 lors de la pr\u00e9sentation mardi du projet de loi modifiant et compl\u00e9tant l\u2019ordonnance n-66-156 du 8 juin 1966, portant code p\u00e9nal, devant la commission des affaires juridiques de l\u2019APN, que la diffusion de fausses nouvelles \u00e9tait un \u00ab\u00a0ph\u00e9nom\u00e8ne qui s\u2019est r\u00e9pandu r\u00e9cemment d\u2019une mani\u00e8re impressionnante suite au grand d\u00e9veloppement qu\u2019ont connu les m\u00e9dias et les nouvelles technologies\u00a0\u00bb.<\/p>\n<blockquote readability=\"12\">\n<p><em><strong><span class=\"c5\">M.Zeghmati a ajout\u00e9 que les auteurs des informations erron\u00e9es \u00ab\u00a0exploitent les r\u00e9seaux sociaux pour r\u00e9pandre la terreur et la peur parmi les citoyens notamment lors des crises ou de situations d\u2019exception\u00a0\u00bb. il a cit\u00e9, \u00e0 cet \u00e9gard, la situation sanitaire actuelle li\u00e9e \u00e0 la propagation du nouveau coronavirus (Covid-19) qui a vu, en parall\u00e8le, \u00ab\u00a0une \u00e9pid\u00e9mie de fausses nouvelles\u00a0\u00bb.<\/span><\/strong><\/em><\/p>\n<\/blockquote>\n<p>Ainsi, le projet de loi pr\u00e9voit, dans son volet li\u00e9 \u00e0 l\u2019incrimination de la diffusion et de la propagation de fausses informations portant atteinte \u00e0 l\u2019ordre et \u00e0 la s\u00e9curit\u00e9 publics, de punir \u00ab\u00a0quiconque diffuse ou propage volontairement, par tout moyen, des nouvelles ou informations, fausses ou calomnieuses, susceptibles de porter atteinte \u00e0 la s\u00e9curit\u00e9 ou \u00e0 l\u2019ordre publics, compte tenu de l\u2019effroi qu\u2019elles s\u00e8ment au sein des citoyens et du climat d\u2019ins\u00e9curit\u00e9 qu\u2019elles g\u00e9n\u00e8rent dans la soci\u00e9t\u00e9\u00a0\u00bb.<\/p>\n<p>Loin de porter atteinte \u00e0 la libert\u00e9 d\u2019expression, l\u2019incrimination de la diffusion des fausses nouvelles sur les r\u00e9seaux sociaux, vise plut\u00f4t \u00e0 responsabiliser les auteurs de ce genre d\u2019informations qui cherchent, dans la majorit\u00e9 des cas, ajoute le m\u00eame texte, \u00e0 faire le \u00ab\u00a0buzz\u00a0\u00bb sur la Toile sans penser aux cons\u00e9quences de leurs actes sur l\u2019opinion<\/p>\n<p>publique et les personnes, et \u00e0 la zizanie qui peuvent semer au sein de la soci\u00e9t\u00e9. Cette nouvelle disposition incrimine des faits et des actes pas tr\u00e8s r\u00e9pandus auparavant et consolidera les r\u00e9ponses proc\u00e9durales et p\u00e9nales, selon des juristes. Autant dire que certaines conjonctures exceptionnelles constituent le terrain propice pour la diffusion rapide des fake new par r\u00e9seaux sociaux interpos\u00e9s. Une th\u00e8se confirm\u00e9e par le nombre des affaires trait\u00e9e en la mati\u00e8re par les service de Gendarmerie nationale et de la DGSN pendant la pand\u00e9mie du Covid-19, o\u00f9 des chiffres erron\u00e9s li\u00e9es au bilan de a pand\u00e9mie du Covid-19 et \u00e0 la p\u00e9nurie de mat\u00e9riel de protection sanitaire ont pullul\u00e9 sur la Toile.<\/p>\n<p>Les services de la s\u00fbret\u00e9 de wilaya de Blida ont fait \u00e9tat de huit affaires trait\u00e9es li\u00e9es \u00e0 la diffusion de rumeurs, outrages et incitations contre les institutions de l\u2019Etat, via les r\u00e9seaux sociaux, depuis le d\u00e9but du confinement total impos\u00e9 \u00e0 la wilaya, le 24 mars dernier, dans le cadre de la lutte contre la propagation du Covid-19. Ainsi plusieurs individus ont \u00e9t\u00e9 arr\u00eat\u00e9s r\u00e9cemment \u00e0 Annaba \u00e0 Chlef, \u00e0 Tiaret et \u00e0 M\u2019sila pour les m\u00eames motifs.<\/p>\n<p>Auteur: Boudjedri<br \/>\n<a href=\"http:\/\/www.jeune-independant.net\/Amendement-du-Code-penal-Le.html\">Cliquez ici pour lire l&rsquo;article depuis sa source.<\/a><\/p>\n","protected":false},"excerpt":{"rendered":"<p>Le discours de la haine diffus\u00e9 propag\u00e9 sur les m\u00e9dias et les r\u00e9seaux sociaux constitue la cible principale des nouveaux amendements du Code p\u00e9nal adopt\u00e9 par les deux chambres du parlement la semaine derni\u00e8re. Selon les concepteurs du texte, l\u2019objectif est de \u00ab\u00a0combler un vide juridique, responsabiliser les auteurs et adapter le cadre juridique national [&hellip;]<\/p>\n","protected":false},"author":1737,"featured_media":0,"comment_status":"closed","ping_status":"closed","sticky":false,"template":"","format":"standard","meta":{"fifu_image_url":"","fifu_image_alt":"","footnotes":""},"categories":[73,53],"tags":[],"class_list":["post-83420","post","type-post","status-publish","format-standard","hentry","category-actualite","category-algerie"],"_links":{"self":[{"href":"https:\/\/linitiative.ca\/International\/wp-json\/wp\/v2\/posts\/83420","targetHints":{"allow":["GET"]}}],"collection":[{"href":"https:\/\/linitiative.ca\/International\/wp-json\/wp\/v2\/posts"}],"about":[{"href":"https:\/\/linitiative.ca\/International\/wp-json\/wp\/v2\/types\/post"}],"author":[{"embeddable":true,"href":"https:\/\/linitiative.ca\/International\/wp-json\/wp\/v2\/users\/1737"}],"replies":[{"embeddable":true,"href":"https:\/\/linitiative.ca\/International\/wp-json\/wp\/v2\/comments?post=83420"}],"version-history":[{"count":0,"href":"https:\/\/linitiative.ca\/International\/wp-json\/wp\/v2\/posts\/83420\/revisions"}],"wp:attachment":[{"href":"https:\/\/linitiative.ca\/International\/wp-json\/wp\/v2\/media?parent=83420"}],"wp:term":[{"taxonomy":"category","embeddable":true,"href":"https:\/\/linitiative.ca\/International\/wp-json\/wp\/v2\/categories?post=83420"},{"taxonomy":"post_tag","embeddable":true,"href":"https:\/\/linitiative.ca\/International\/wp-json\/wp\/v2\/tags?post=83420"}],"curies":[{"name":"wp","href":"https:\/\/api.w.org\/{rel}","templated":true}]}}