{"id":83421,"date":"2020-04-24T15:35:00","date_gmt":"2020-04-24T19:35:00","guid":{"rendered":"https:\/\/linitiative.ca\/International\/premier-jour-de-ramadhan-a-tizi-ouzou-flambee-des-prix-des-fruits-et-legumes\/"},"modified":"2020-04-24T15:35:00","modified_gmt":"2020-04-24T19:35:00","slug":"premier-jour-de-ramadhan-a-tizi-ouzou-flambee-des-prix-des-fruits-et-legumes","status":"publish","type":"post","link":"https:\/\/linitiative.ca\/International\/premier-jour-de-ramadhan-a-tizi-ouzou-flambee-des-prix-des-fruits-et-legumes\/","title":{"rendered":"Premier jour de ramadhan \u00e0 Tizi-Ouzou : Flamb\u00e9e des prix des fruits et l\u00e9gumes"},"content":{"rendered":"<p><br class=\"autobr\"\/><strong>Les prix des fruits et l\u00e9gumes ont flamb\u00e9, ce vendredi, \u00e0 Tizi-Ouzou au premier jour du ramadhan suscitant la r\u00e9probation des citoyens. Il s\u2019agit d\u2019un scenario qui se r\u00e9p\u00e8te \u00e0 chaque d\u00e9but de ramadhan ou \u00e0 l\u2019occasion d\u2019une f\u00eate religieuse.<\/strong><\/p>\n<p><br class=\"autobr\"\/><br \/>\nAu march\u00e9 des fruits et l\u00e9gumes du centre-ville, la carotte a \u00e9t\u00e9 propos\u00e9e \u00e0 80 DA le Kg alors que son prix quelques jours seulement auparavant \u00e9tait de 50 DA. Les petits pois ont \u00e9t\u00e9 c\u00e9d\u00e9es \u00e0 140 DA le Kg, le piment et le poivron \u00e0 120 DA, la tomate \u00e0 90 DA.<\/p>\n<p><br class=\"autobr\"\/><br \/>\nL\u2019orange a \u00e9t\u00e9 propos\u00e9e \u00e0 220 DA, la n\u00e8fle, pourtant fruit de saison, a \u00e9t\u00e9 propos\u00e9e \u00e0 200 DA une petite boite dont le poids ne doit gu\u00e8re d\u00e9passer les 400 grammes. Idem concernant la fraise. Il va sans dire que ce ne sont l\u00e0 que quelques produits cit\u00e9s en exemple. Il faut relever aussi que les clients ne se sont pas bouscul\u00e9s devant les \u00e9tals des commer\u00e7ants m\u00eame s\u2019ils \u00e9taient nombreux au march\u00e9. Et comme les ann\u00e9es pr\u00e9c\u00e9dentes, les premiers \u00e0 faire les frais de cette flamb\u00e9e des prix sont avant tout les p\u00e8res de familles ch\u00f4meurs et les travailleurs aux salaires modestes.<\/p>\n<p><br class=\"autobr\"\/><br \/>\nEt comme les ann\u00e9es pr\u00e9c\u00e9dentes encore, les autorit\u00e9s concern\u00e9es, les services de la direction du commerce notamment, les repr\u00e9sentants de la soci\u00e9t\u00e9 civile et les personnalit\u00e9s de culte, \u00e0 l\u2019instar des imams, se sont mur\u00e9s dans un silence face \u00e0 cette situation contraire aux lois de la r\u00e9publique et les pr\u00e9ceptes de l\u2019islam. Aucun imam n\u2019a os\u00e9 jusqu\u2019\u00e0 maintenant d\u00e9noncer ces augmentations des prix des fruits et l\u00e9gumes dans un de ses pr\u00eaches. Du c\u00f4t\u00e9 de la direction du commerce de la wilaya, c\u2019est \u00e9galement l\u2019inertie la plus totale. Quant aux repr\u00e9sentants de la soci\u00e9t\u00e9 civile, ils sont en l\u00e9thargie ou servent d\u2019\u00e9l\u00e9ments de d\u00e9cor lors de visites minist\u00e9rielles.<\/p>\n<p>Auteur: Boudjedri<br \/>\n<a href=\"http:\/\/www.jeune-independant.net\/Premier-jour-de-ramadhan-a-Tizi.html\">Cliquez ici pour lire l&rsquo;article depuis sa source.<\/a><\/p>\n","protected":false},"excerpt":{"rendered":"<p>Les prix des fruits et l\u00e9gumes ont flamb\u00e9, ce vendredi, \u00e0 Tizi-Ouzou au premier jour du ramadhan suscitant la r\u00e9probation des citoyens. Il s\u2019agit d\u2019un scenario qui se r\u00e9p\u00e8te \u00e0 chaque d\u00e9but de ramadhan ou \u00e0 l\u2019occasion d\u2019une f\u00eate religieuse. Au march\u00e9 des fruits et l\u00e9gumes du centre-ville, la carotte a \u00e9t\u00e9 propos\u00e9e \u00e0 80 [&hellip;]<\/p>\n","protected":false},"author":1737,"featured_media":0,"comment_status":"closed","ping_status":"closed","sticky":false,"template":"","format":"standard","meta":{"fifu_image_url":"","fifu_image_alt":"","footnotes":""},"categories":[73,53],"tags":[],"class_list":["post-83421","post","type-post","status-publish","format-standard","hentry","category-actualite","category-algerie"],"_links":{"self":[{"href":"https:\/\/linitiative.ca\/International\/wp-json\/wp\/v2\/posts\/83421","targetHints":{"allow":["GET"]}}],"collection":[{"href":"https:\/\/linitiative.ca\/International\/wp-json\/wp\/v2\/posts"}],"about":[{"href":"https:\/\/linitiative.ca\/International\/wp-json\/wp\/v2\/types\/post"}],"author":[{"embeddable":true,"href":"https:\/\/linitiative.ca\/International\/wp-json\/wp\/v2\/users\/1737"}],"replies":[{"embeddable":true,"href":"https:\/\/linitiative.ca\/International\/wp-json\/wp\/v2\/comments?post=83421"}],"version-history":[{"count":0,"href":"https:\/\/linitiative.ca\/International\/wp-json\/wp\/v2\/posts\/83421\/revisions"}],"wp:attachment":[{"href":"https:\/\/linitiative.ca\/International\/wp-json\/wp\/v2\/media?parent=83421"}],"wp:term":[{"taxonomy":"category","embeddable":true,"href":"https:\/\/linitiative.ca\/International\/wp-json\/wp\/v2\/categories?post=83421"},{"taxonomy":"post_tag","embeddable":true,"href":"https:\/\/linitiative.ca\/International\/wp-json\/wp\/v2\/tags?post=83421"}],"curies":[{"name":"wp","href":"https:\/\/api.w.org\/{rel}","templated":true}]}}