{"id":83423,"date":"2020-04-24T16:41:00","date_gmt":"2020-04-24T20:41:00","guid":{"rendered":"https:\/\/linitiative.ca\/International\/les-musulmans-de-france-entrent-en-ramadan\/"},"modified":"2020-04-24T16:41:00","modified_gmt":"2020-04-24T20:41:00","slug":"les-musulmans-de-france-entrent-en-ramadan","status":"publish","type":"post","link":"https:\/\/linitiative.ca\/International\/les-musulmans-de-france-entrent-en-ramadan\/","title":{"rendered":"Les Musulmans de France entrent en Ramadan"},"content":{"rendered":"<p><span class=\"c2\"><em><strong>Paris &#8211; Par Samir Gharbi &#8211;<\/strong><\/em><\/span> Le nombre des Musulmans en France varie, selon les sources, entre 5 et 9 millions de personnes, soit entre 7 et 13% de la population r\u00e9sidente de 67 millions, y compris les 4 millions d\u2019\u00e9trangers install\u00e9s r\u00e9guli\u00e8rement. Le nombre exact ne peut jamais \u00eatre connu, car il est interdit en France de recenser les r\u00e9sidents en fonction de leurs croyances. Cette fourchette d\u2019estimation, rapport\u00e9e \u00e0 la veille de Ramadan par les grands m\u00e9dias fran\u00e7ais, n\u2019a suscit\u00e9 aucune pol\u00e9mique particuli\u00e8re. Elle est floue parce qu\u2019elle est fond\u00e9e sur des sondages d\u2019opinion et des recherches d\u00e9mographiques li\u00e9es \u00e0 l\u2019immigration.<\/p>\n<p>Le grand \u00e9cart entre 5 et 9 millions s\u2019explique par plusieurs inconnues:<\/p>\n<p class=\"c3\"><span class=\"c2\"><strong>\u2022<\/strong><\/span> Les enfants des immigr\u00e9s (pour la France qui re\u00e7oit) \u2013 ou les enfants des \u00e9migr\u00e9s (pour les pays qui envoient) &#8211; ne peuvent \u00eatre class\u00e9s dans une case pr\u00e9cise : ils sont souvent issus de couples mixtes et donc de religions mixtes\u2026 ; ils peuvent garder ou quitter la religion de l\u2019un ou l&rsquo;autre de leur parent;<\/p>\n<p class=\"c3\"><span class=\"c2\"><strong>\u2022<\/strong><\/span> Ces enfants sont issus de plusieurs vagues d\u2019immigration : il y a donc les enfants de la 1e vague des ann\u00e9es de guerre (apr\u00e8s 1900), la 2e vague de l\u2019immigration \u00e9conomique des ann\u00e9es 1960, puis des ann\u00e9es 1970&#8230; Apr\u00e8s l\u2019arr\u00eat officiel (1974), les vagues se sont taries pour se limiter aux regroupements familiaux, aux \u00e9tudiants et aux travailleurs sp\u00e9cialis\u00e9s (fuite des cerveaux)\u2026 sans oublier la grande op\u00e9ration de r\u00e9gularisation massive des irr\u00e9guliers (1981, sous Mitterrand);<\/p>\n<p class=\"c3\"><span class=\"c2\"><strong>\u2022<\/strong><\/span> L\u2019assouplissement, pendant la pr\u00e9sidence de Mitterrand, des proc\u00e9dures d\u2019acc\u00e8s \u00e0 la nationalit\u00e9 fran\u00e7aise&#8230;<\/p>\n<p class=\"c3\"><span class=\"c2\"><strong>\u2022<\/strong><\/span> Les conversions: entre 70 000 et 100 000 par an, mais aucun registre central n\u2019est tenu au niveau des autorit\u00e9s islamiques en France (mosqu\u00e9es).<\/p>\n<p>Tout cela rend les statistiques officielles sur les religions de plus en plus floues et difficiles.<br \/>Il a \u00e9t\u00e9 jusqu\u2019\u00e0 pr\u00e9sent admis que le nombre des musulmans en France tournait autour de 5 millions. Un sociologue-d\u00e9mographe les a estim\u00e9s \u00e0 7 millions en 2017.<\/p>\n<p>Aujourd\u2019hui, les m\u00e9dias rel\u00e8vent la barre \u00e0 9 millions, sans citer de source !<\/p>\n<p>Mais, au-del\u00e0 des chiffres, je voudrais saluer aujourd\u2019hui le quotidien fran\u00e7ais <em>La Croix<\/em> qui a consacr\u00e9 sa Une \u00e0 l\u2019arriv\u00e9e de Ramadan (Voir photo). <em>La Croix<\/em> est un journal catholique, fond\u00e9 en 1883, qui a \u00e9t\u00e9 toujours exemplaire dans sa droiture, dans ses appels au dialogue inter-religions. Il vend pr\u00e8s de 80 000 exemplaires chaque jour, sans compter les acc\u00e8s gratuits \u00e0 son site Web. C\u2019est dire son audience.<\/p>\n<p>Qu\u2019est-ce que j\u2019aimerais qu\u2019un m\u00e9dia musulman fasse un jour un geste similaire \u00e0 l\u2019\u00e9gard des 2,5 milliards de Chr\u00e9tiens, qui repr\u00e9sentent le tiers de la population mondiale (31%) et la premi\u00e8re religion de la plan\u00e8te, devant celle des Musulmans (2 milliards, 26 %).<\/p>\n<p>Les m\u00e9dias participent \u00e0 l\u2019\u00e9ducation des peuples : ils peuvent pacifier, comme ils peuvent jeter de l\u2019huile sur le feu\u2026<\/p>\n<p><strong>Samir Gharbi<\/strong><br \/>\u00a0<\/p>\n<p>Auteur:<br \/>\n<a href=\"https:\/\/www.leaders.com.tn\/article\/29767-samir-gharbi-les-musulmans-de-france-entrent-en-ramadan\">Cliquez ici pour lire l&rsquo;article depuis sa source.<\/a><\/p>\n","protected":false},"excerpt":{"rendered":"<p>Paris &#8211; Par Samir Gharbi &#8211; Le nombre des Musulmans en France varie, selon les sources, entre 5 et 9 millions de personnes, soit entre 7 et 13% de la population r\u00e9sidente de 67 millions, y compris les 4 millions d\u2019\u00e9trangers install\u00e9s r\u00e9guli\u00e8rement. Le nombre exact ne peut jamais \u00eatre connu, car il est interdit [&hellip;]<\/p>\n","protected":false},"author":1772,"featured_media":0,"comment_status":"closed","ping_status":"closed","sticky":false,"template":"","format":"standard","meta":{"fifu_image_url":"","fifu_image_alt":"","footnotes":""},"categories":[73,55],"tags":[],"class_list":["post-83423","post","type-post","status-publish","format-standard","hentry","category-actualite","category-tunisie"],"_links":{"self":[{"href":"https:\/\/linitiative.ca\/International\/wp-json\/wp\/v2\/posts\/83423","targetHints":{"allow":["GET"]}}],"collection":[{"href":"https:\/\/linitiative.ca\/International\/wp-json\/wp\/v2\/posts"}],"about":[{"href":"https:\/\/linitiative.ca\/International\/wp-json\/wp\/v2\/types\/post"}],"author":[{"embeddable":true,"href":"https:\/\/linitiative.ca\/International\/wp-json\/wp\/v2\/users\/1772"}],"replies":[{"embeddable":true,"href":"https:\/\/linitiative.ca\/International\/wp-json\/wp\/v2\/comments?post=83423"}],"version-history":[{"count":0,"href":"https:\/\/linitiative.ca\/International\/wp-json\/wp\/v2\/posts\/83423\/revisions"}],"wp:attachment":[{"href":"https:\/\/linitiative.ca\/International\/wp-json\/wp\/v2\/media?parent=83423"}],"wp:term":[{"taxonomy":"category","embeddable":true,"href":"https:\/\/linitiative.ca\/International\/wp-json\/wp\/v2\/categories?post=83423"},{"taxonomy":"post_tag","embeddable":true,"href":"https:\/\/linitiative.ca\/International\/wp-json\/wp\/v2\/tags?post=83423"}],"curies":[{"name":"wp","href":"https:\/\/api.w.org\/{rel}","templated":true}]}}