{"id":83425,"date":"2020-04-25T06:25:00","date_gmt":"2020-04-25T10:25:00","guid":{"rendered":"https:\/\/linitiative.ca\/International\/nomination-de-delegues-et-de-gouverneurs-sur-proposition-de-partis-politiques-et-lindependance-de-ladministration\/"},"modified":"2020-04-25T06:25:00","modified_gmt":"2020-04-25T10:25:00","slug":"nomination-de-delegues-et-de-gouverneurs-sur-proposition-de-partis-politiques-et-lindependance-de-ladministration","status":"publish","type":"post","link":"https:\/\/linitiative.ca\/International\/nomination-de-delegues-et-de-gouverneurs-sur-proposition-de-partis-politiques-et-lindependance-de-ladministration\/","title":{"rendered":"Nomination de d\u00e9l\u00e9gu\u00e9s et de gouverneurs sur proposition de partis politiques:\u00a0Et l\u2019ind\u00e9pendance de l\u2019administration?"},"content":{"rendered":"<p><span class=\"c2\">La moindre concession sera fatale\u00a0! Les d\u00e9signations \u00e0 tout \u00e9chelon de l\u2019Administration centrale, comme locale et r\u00e9gionale, ou aussi dans la fonction publique, ne rel\u00e8vent pas des cadeaux\u00a0: elles ne doivent ob\u00e9ir qu\u2019au m\u00e9rite et \u00e0 la comp\u00e9tence. Plier ou r\u00e9sister aux partis : Ely\u00e8s Fakhfakh, soumis \u00e0 rude \u00e9preuve dans la nomination de nouveaux d\u00e9l\u00e9gu\u00e9s et gouverneurs, risque de se retrouver dans l\u2019\u0153il du cyclone.\u00a0 En aucun cas, il ne doit gu\u00e8re rater l\u2019occasion pour faire pr\u00e9valoir le principe de la comp\u00e9tence et de l\u2019ind\u00e9pendance. Quel qu\u2019en soit le prix\u00a0!\u00a0 Ces fonctions sont d\u2019autant plus strat\u00e9giques alors que doit s\u2019op\u00e9rer le transfert des pouvoirs en application du Code des Collectivit\u00e9s et s\u2019annonce l\u2019\u00e9lection conseils r\u00e9gionaux qui seront appel\u00e9s \u00e0 assumer d\u2019importants pouvoirs d\u00e9centralis\u00e9s.<br \/><\/span><\/p>\n<p><span class=\"c2\">\u00c9clairages.<\/span><br \/><span class=\"c3\"><strong>D\u00e9cid\u00e9ment, les vieux d\u00e9mons reprennent du service\u00a0!<\/strong><\/span> Alors que le corps form\u00e9 de d\u00e9l\u00e9gu\u00e9s, premier-d\u00e9l\u00e9gu\u00e9s et gouverneur est appel\u00e9 \u00e0 incarner de plus en plus son ind\u00e9pendance de toute all\u00e9geance partisane, le voil\u00e0 de nouveau au centre des convoitises. Sous la pression des partis politiques avides de se partager le g\u00e2teau et de distribuer des pr\u00e9bendes \u00e0 leurs adeptes et affid\u00e9s, le chef du gouvernement, Ely\u00e8s Fakhfakh est l\u2019objet d\u2019un harc\u00e8lement continu. Chacun y va de ses listes, faisant le si\u00e8ge de la Kasbah, vantant les m\u00e9rites beaucoup plus suppos\u00e9s que r\u00e9els de leurs candidats.<\/p>\n<p><span class=\"c3\"><strong>Soucieux de boucler sa \u00ab\u00a0ceinture politique\u00a0\u00bb,<\/strong><\/span> Fakhfakh, comme certains de ses pr\u00e9d\u00e9cesseurs, marche sur un fil de rasoir. Ne pouvant pas r\u00e9sister fortement \u00e0 cette d\u00e9ferlante, il essaye sans doute de r\u00e9fl\u00e9chir \u00e0 la dose minimum qui suffirait en une premi\u00e8re gorg\u00e9e pour amadouer ses partenaires et satisfaire leurs app\u00e9tits. Quel que soit le niveau de concessions \u00e0 faire, l\u2019erreur sera aux lourdes cons\u00e9quences.<\/p>\n<p class=\"c4\"><img loading=\"lazy\" decoding=\"async\" src=\"\/uploads\/FCK_files\/gouverneur.jpg\" alt=\"\" width=\"700\" vspace=\"5\" align=\"middle\" hspace=\"5\" height=\"427\"\/><\/p>\n<p><span class=\"c3\"><strong>Souvenons-nous\u00a0:<\/strong><\/span> la feuille de route donn\u00e9e en mandat par le Dialogue National en d\u00e9cembre 2013 \u00e0 Mehdi Jomaa, le chargeant de former un gouvernement d\u2019ind\u00e9pendants stipulait fermement l\u2019annulation de toute nomination partisane. Cette consigne en oukase r\u00e9pondait en fait \u00e0 une revendication unanime des forces d\u00e9mocratiques accabl\u00e9es par l\u2019ampleur des d\u00e9g\u00e2ts\u00a0: tous les rouages de l\u2019\u00c9tat \u00e9taient alors infest\u00e9s, depuis fin 2011, par des intrus et des reconvertis \u00e0 la comp\u00e9tence et l\u2019int\u00e9grit\u00e9 sujettes \u00e0 caution. Non seulement l\u2019Administration a \u00e9t\u00e9 priv\u00e9e des qualifications requises, mais plus encore, elle a \u00e9t\u00e9 ob\u00e9r\u00e9e par les boulets de l\u2019ignorance de nombreux bras cass\u00e9s, beaucoup plus port\u00e9s sur la jouissance du pouvoir et de son lucre, que capables d\u2019apporter la moindre valeur ajout\u00e9e pourtant tant escompt\u00e9e.<\/p>\n<p><span class=\"c3\"><strong>Autant que possible, Mehdi Jomaa s\u2019y attellera,<\/strong><\/span> marquant des points significatifs au niveau de la premi\u00e8re couche. Prenant son relais en 2015, Habib Essid, sollicit\u00e9 par Nidaa Toun\u00e8s vainqueur des \u00e9lections de novembre et d\u00e9cembre 2014, pratiquera en bon agronome un syst\u00e8me de goutte-\u00e0-goutte. L\u2019irrigation sera \u00e9tendue \u00e0 Ennahdha, mais aussi, \u00e0 l\u2019UPL de Slim Riahi, et \u00e0 tr\u00e8s moindre d\u00e9bit, \u00e0 Afek Toun\u00e8s. Son successeur, Youssef Chahed, agronome lui aussi \u00e9rigera ce syst\u00e8me en art raffin\u00e9. Il s\u2019en servira tout au long de son record des trois ann\u00e9es de long\u00e9vit\u00e9 \u00e0 la Kasbah.<\/p>\n<p>Tout d\u00e9pendra donc de la conception que se fait Ely\u00e8s Fakhfakh de l\u2019\u00c9tat. Un \u00c9tat fort, fond\u00e9 sur des institutions solides et une administration comp\u00e9tente et ind\u00e9pendante, ou le r\u00e8gne des partis dominants. Alors que le post-Covid-19 impose partout dans une totale reconfiguration\u2026<\/p>\n<p class=\"c4\">\u00a0<\/p>\n<p>Auteur:<br \/>\n<a href=\"https:\/\/www.leaders.com.tn\/article\/29771-nomination-de-delegues-et-de-gouverneurs-sur-proposition-de-partis-politiques-et-l-independance-de-l-administration\">Cliquez ici pour lire l&rsquo;article depuis sa source.<\/a><\/p>\n","protected":false},"excerpt":{"rendered":"<p>La moindre concession sera fatale\u00a0! Les d\u00e9signations \u00e0 tout \u00e9chelon de l\u2019Administration centrale, comme locale et r\u00e9gionale, ou aussi dans la fonction publique, ne rel\u00e8vent pas des cadeaux\u00a0: elles ne doivent ob\u00e9ir qu\u2019au m\u00e9rite et \u00e0 la comp\u00e9tence. Plier ou r\u00e9sister aux partis : Ely\u00e8s Fakhfakh, soumis \u00e0 rude \u00e9preuve dans la nomination de nouveaux [&hellip;]<\/p>\n","protected":false},"author":1772,"featured_media":0,"comment_status":"closed","ping_status":"closed","sticky":false,"template":"","format":"standard","meta":{"fifu_image_url":"","fifu_image_alt":"","footnotes":""},"categories":[73,55],"tags":[],"class_list":["post-83425","post","type-post","status-publish","format-standard","hentry","category-actualite","category-tunisie"],"_links":{"self":[{"href":"https:\/\/linitiative.ca\/International\/wp-json\/wp\/v2\/posts\/83425","targetHints":{"allow":["GET"]}}],"collection":[{"href":"https:\/\/linitiative.ca\/International\/wp-json\/wp\/v2\/posts"}],"about":[{"href":"https:\/\/linitiative.ca\/International\/wp-json\/wp\/v2\/types\/post"}],"author":[{"embeddable":true,"href":"https:\/\/linitiative.ca\/International\/wp-json\/wp\/v2\/users\/1772"}],"replies":[{"embeddable":true,"href":"https:\/\/linitiative.ca\/International\/wp-json\/wp\/v2\/comments?post=83425"}],"version-history":[{"count":0,"href":"https:\/\/linitiative.ca\/International\/wp-json\/wp\/v2\/posts\/83425\/revisions"}],"wp:attachment":[{"href":"https:\/\/linitiative.ca\/International\/wp-json\/wp\/v2\/media?parent=83425"}],"wp:term":[{"taxonomy":"category","embeddable":true,"href":"https:\/\/linitiative.ca\/International\/wp-json\/wp\/v2\/categories?post=83425"},{"taxonomy":"post_tag","embeddable":true,"href":"https:\/\/linitiative.ca\/International\/wp-json\/wp\/v2\/tags?post=83425"}],"curies":[{"name":"wp","href":"https:\/\/api.w.org\/{rel}","templated":true}]}}