{"id":83427,"date":"2020-04-25T09:10:00","date_gmt":"2020-04-25T13:10:00","guid":{"rendered":"https:\/\/linitiative.ca\/International\/tout-sur-le-projet-de-resolution-tuniso-francaise-de-cessez-le-feu-humanitaire-a-soumettre-au-conseil-de-securite\/"},"modified":"2020-04-25T09:10:00","modified_gmt":"2020-04-25T13:10:00","slug":"tout-sur-le-projet-de-resolution-tuniso-francaise-de-cessez-le-feu-humanitaire-a-soumettre-au-conseil-de-securite","status":"publish","type":"post","link":"https:\/\/linitiative.ca\/International\/tout-sur-le-projet-de-resolution-tuniso-francaise-de-cessez-le-feu-humanitaire-a-soumettre-au-conseil-de-securite\/","title":{"rendered":"Tout sur le projet de r\u00e9solution tuniso-fran\u00e7aise de cessez-le-feu humanitaire \u00e0 soumettre au Conseil de s\u00e9curit\u00e9"},"content":{"rendered":"<p>Port\u00e9 par la Tunisie et la France en premiers co-auteurs, un projet de r\u00e9solution, <a href=\"https:\/\/information.tv5monde.com\/info\/onu-un-projet-de-resolution-sur-le-covid-19-enfin-sur-la-table-du-conseil-de-securite-356446\">circul\u00e9 mercredi<\/a> aux membres du Conseil de S\u00e9curit\u00e9 de l\u2019ONU \u00ab exige une cessation g\u00e9n\u00e9rale et imm\u00e9diate des hostilit\u00e9s dans tous les pays inscrits \u00e0 son ordre\u00a0\u00bb. Il \u00ab\u00a0demande \u00e0 toutes les parties \u00e0 des conflits arm\u00e9s de s&rsquo;engager imm\u00e9diatement dans une pause humanitaire durable pendant au moins 30 jours cons\u00e9cutifs.\u00a0\u00bb Une exception du p\u00e9rim\u00e8tre d\u2019application est d\u00e9limit\u00e9e\u00a0: \u00ab\u00a0Cette pause humanitaire ne s&rsquo;appliquent pas aux op\u00e9rations militaires contre l&rsquo;\u00c9tat islamique en Irak et au Levant (ISIL, \u00e9galement connu sous le nom de Da&rsquo;esh), Al-Qaida et le Front Al Nusra (ANF), et tous les autres individus, groupes, entreprises et entit\u00e9s associ\u00e9s \u00e0 Al-Qaida ou \u00e0 l&rsquo;ISIL, et autres groupes terroristes, qui ont \u00e9t\u00e9 d\u00e9sign\u00e9s par le Conseil de s\u00e9curit\u00e9.\u00a0\u00bb\u00a0<\/p>\n<p><span class=\"c2\"><strong>A l\u2019origine, la Tunisie avait lanc\u00e9 cet appel, portant \u00e9galement sur une d\u00e9marche commune solidaire contre la pand\u00e9mie du Covid-19<\/strong><\/span> dans <a href=\"https:\/\/www.leaders.com.tn\/article\/29429-la-tunisie-demande-une-reunion-urgente-du-conseil-de-securite-de-l-onu-pour-engager-une-action-commune-face-au-covid-19\">une lettre adress\u00e9e par le pr\u00e9sident Kais Saied<\/a> au secr\u00e9taire g\u00e9n\u00e9ral de l\u2019ONU, mi-mars dernier, et port\u00e9e \u00e0 la connaissance du pr\u00e9sident du Conseil de S\u00e9curit\u00e9, demandant une r\u00e9union urgente. Pour mobiliser les appuis requis en faveur de cette initiative, le chef de l\u2019Etat avait multipli\u00e9 les conversations t\u00e9l\u00e9phoniques avec nombre de ses pairs. Les diverses consultations men\u00e9es par la diplomatie tunisienne, ont abouti \u00e0 l\u2019examen de diff\u00e9rentes options. <a href=\"https:\/\/www.leaders.com.tn\/article\/29623-la-france-s-active-pour-un-sommet-p5-des-cinq-membres-permanents-du-conseil-de-securite-ou-en-est-la-resolution-tunisienne\">La France qui avait propos\u00e9 d\u2019en d\u00e9battre dans une r\u00e9union, par visioconf\u00e9rence,<\/a> entre les dirigeants des cinq pays membres permanents (P5) du Conseil (\u00c9tats-Unis d\u2019Am\u00e9rique, France, Royaume Uni, Russie et Chine). La formule n\u2019a pas suscit\u00e9 l\u2019enthousiasme des concern\u00e9s.<\/p>\n<p><span class=\"c2\"><strong>Changeant de fusil d\u2019\u00e9paule, la France s\u2019est ralli\u00e9e \u00e0 l\u2019initiative tunisienne.<\/strong><\/span> Cette collaboration, \u00e9largie \u00e0 d\u2019autres pays membres du Conseil, a permis d\u2019\u00e9laborer un premier draft qui reste \u00e0 finaliser pour recueillir l\u2019assentiment d\u2019au moins neuf pays, afin qu\u2019il puisse \u00eatre tabl\u00e9 \u00e0 l\u2019agenda du Conseil. Selon des r\u00e9v\u00e9lations rapport\u00e9es par des agences de presse, les points essentiels du projet de r\u00e9solution (qui aura une force d\u2019obligation d\u00e8s son adoption), dans son \u00e9tat pr\u00e9liminaire, s\u2019\u00e9tablissent comme suit apr\u00e8s un pr\u00e9ambule appropri\u00e9:<\/p>\n<p>(traduction non-officielle)<\/p>\n<h2>Le Conseil\u00a0:<\/h2>\n<p>\u00a0\u00bbExige une cessation g\u00e9n\u00e9rale et imm\u00e9diate des hostilit\u00e9s dans tous les pays inscrits \u00e0 son ordre du jour et soutient les efforts entrepris par le Secr\u00e9taire g\u00e9n\u00e9ral et ses repr\u00e9sentants et envoy\u00e9s sp\u00e9ciaux \u00e0 cet \u00e9gard ;<\/p>\n<p>Demande \u00e0 toutes les parties \u00e0 des conflits arm\u00e9s de s&rsquo;engager imm\u00e9diatement dans une pause humanitaire durable pendant au moins 30 jours cons\u00e9cutifs, afin de permettre l&rsquo;acheminement s\u00fbr, sans entrave et durable de l&rsquo;aide humanitaire, la fourniture de services par des acteurs humanitaires impartiaux, conform\u00e9ment aux principes humanitaires d&rsquo;humanit\u00e9, de neutralit\u00e9, d&rsquo;impartialit\u00e9 et d&rsquo;ind\u00e9pendance, et de permettre les \u00e9vacuations m\u00e9dicales, conform\u00e9ment au droit international, y compris le droit international humanitaire et le droit des r\u00e9fugi\u00e9s, selon le cas ;<\/p>\n<p>Affirme que cette cessation g\u00e9n\u00e9rale et imm\u00e9diate des hostilit\u00e9s et cette pause humanitaire ne s&rsquo;appliquent pas aux op\u00e9rations militaires contre l&rsquo;\u00c9tat islamique en Irak et au Levant (ISIL, \u00e9galement connu sous le nom de Da&rsquo;esh), Al-Qaida et le Front Al Nusra (ANF), et tous les autres individus, groupes, entreprises et entit\u00e9s associ\u00e9s \u00e0 Al-Qaida ou \u00e0 l&rsquo;ISIL, et autres groupes terroristes, qui ont \u00e9t\u00e9 d\u00e9sign\u00e9s par le Conseil de s\u00e9curit\u00e9 ;<\/p>\n<p>Prie le Secr\u00e9taire g\u00e9n\u00e9ral de contribuer \u00e0 faire en sorte que toutes les parties concern\u00e9es du syst\u00e8me des Nations Unies, y compris les \u00e9quipes de pays des Nations Unies, conform\u00e9ment \u00e0 leurs mandats respectifs, acc\u00e9l\u00e8rent leur action face \u00e0 la pand\u00e9mie COVID-19 en mettant particuli\u00e8rement l&rsquo;accent sur les pays qui en ont besoin, notamment ceux qui sont en situation de conflit arm\u00e9 ou touch\u00e9s par des crises humanitaires ;\u00a0\u00bb (\u2026)<\/p>\n<p><span class=\"c2\"><strong>Ainsi enclench\u00e9, le processus n\u2019est pas \u00e0 l\u2019abri de surprises quant \u00e0 son adoption<\/strong><\/span>.<br \/>\u00a0<\/p>\n<p>Auteur:<br \/>\n<a href=\"https:\/\/www.leaders.com.tn\/article\/29769-tout-sur-le-projet-de-resolution-tuniso-francaise-de-cessez-le-feu-humanitaire-en-debat-au-conseil-de-securite\">Cliquez ici pour lire l&rsquo;article depuis sa source.<\/a><\/p>\n","protected":false},"excerpt":{"rendered":"<p>Port\u00e9 par la Tunisie et la France en premiers co-auteurs, un projet de r\u00e9solution, circul\u00e9 mercredi aux membres du Conseil de S\u00e9curit\u00e9 de l\u2019ONU \u00ab exige une cessation g\u00e9n\u00e9rale et imm\u00e9diate des hostilit\u00e9s dans tous les pays inscrits \u00e0 son ordre\u00a0\u00bb. Il \u00ab\u00a0demande \u00e0 toutes les parties \u00e0 des conflits arm\u00e9s de s&rsquo;engager imm\u00e9diatement dans [&hellip;]<\/p>\n","protected":false},"author":1772,"featured_media":0,"comment_status":"closed","ping_status":"closed","sticky":false,"template":"","format":"standard","meta":{"fifu_image_url":"","fifu_image_alt":"","footnotes":""},"categories":[73,55],"tags":[],"class_list":["post-83427","post","type-post","status-publish","format-standard","hentry","category-actualite","category-tunisie"],"_links":{"self":[{"href":"https:\/\/linitiative.ca\/International\/wp-json\/wp\/v2\/posts\/83427","targetHints":{"allow":["GET"]}}],"collection":[{"href":"https:\/\/linitiative.ca\/International\/wp-json\/wp\/v2\/posts"}],"about":[{"href":"https:\/\/linitiative.ca\/International\/wp-json\/wp\/v2\/types\/post"}],"author":[{"embeddable":true,"href":"https:\/\/linitiative.ca\/International\/wp-json\/wp\/v2\/users\/1772"}],"replies":[{"embeddable":true,"href":"https:\/\/linitiative.ca\/International\/wp-json\/wp\/v2\/comments?post=83427"}],"version-history":[{"count":0,"href":"https:\/\/linitiative.ca\/International\/wp-json\/wp\/v2\/posts\/83427\/revisions"}],"wp:attachment":[{"href":"https:\/\/linitiative.ca\/International\/wp-json\/wp\/v2\/media?parent=83427"}],"wp:term":[{"taxonomy":"category","embeddable":true,"href":"https:\/\/linitiative.ca\/International\/wp-json\/wp\/v2\/categories?post=83427"},{"taxonomy":"post_tag","embeddable":true,"href":"https:\/\/linitiative.ca\/International\/wp-json\/wp\/v2\/tags?post=83427"}],"curies":[{"name":"wp","href":"https:\/\/api.w.org\/{rel}","templated":true}]}}