{"id":83434,"date":"2020-04-25T09:19:13","date_gmt":"2020-04-25T13:19:13","guid":{"rendered":"https:\/\/linitiative.ca\/International\/covid-19-425-guerisons-et-41-deces-a-la-date-du-23-avril\/"},"modified":"2020-04-25T09:19:13","modified_gmt":"2020-04-25T13:19:13","slug":"covid-19-425-guerisons-et-41-deces-a-la-date-du-23-avril","status":"publish","type":"post","link":"https:\/\/linitiative.ca\/International\/covid-19-425-guerisons-et-41-deces-a-la-date-du-23-avril\/","title":{"rendered":"Covid-19: 425 gu\u00e9risons et 41 d\u00e9c\u00e8s \u00e0 la date du 23 avril"},"content":{"rendered":"<div class=\"td-post-featured-image\"><a href=\"https:\/\/www.sidwaya.info\/wp-content\/uploads\/2020\/04\/FB_IMG_1587746929207-2.jpg\" data-caption=\"\"><img loading=\"lazy\" decoding=\"async\" width=\"696\" height=\"464\" class=\"entry-thumb td-modal-image\" src=\"https:\/\/www.sidwaya.info\/wp-content\/uploads\/2020\/04\/FB_IMG_1587746929207-2-696x464.jpg\" srcset=\"https:\/\/www.sidwaya.info\/wp-content\/uploads\/2020\/04\/FB_IMG_1587746929207-2-696x464.jpg 696w, https:\/\/www.sidwaya.info\/wp-content\/uploads\/2020\/04\/FB_IMG_1587746929207-2-300x200.jpg 300w, https:\/\/www.sidwaya.info\/wp-content\/uploads\/2020\/04\/FB_IMG_1587746929207-2-630x420.jpg 630w, https:\/\/www.sidwaya.info\/wp-content\/uploads\/2020\/04\/FB_IMG_1587746929207-2-600x400.jpg 600w, https:\/\/www.sidwaya.info\/wp-content\/uploads\/2020\/04\/FB_IMG_1587746929207-2.jpg 720w\" sizes=\"auto, (max-width: 696px) 100vw, 696px\" alt=\"\" title=\"FB_IMG_1587746929207 (2)\"\/><\/a><\/div>\n<p><strong>Le point de presse hebdomadaire sur le covid-19 s\u2019est tenu le 24 avril 2020 au Service d\u2019information du gouvernement. Cette fois, le bilan a \u00e9t\u00e9 donn\u00e9 par le directeur du Centre des op\u00e9rations de r\u00e9ponse aux urgences sanitaires (CORUS), Dr Brice Bicaba. Il avait \u00e0 ses c\u00f4t\u00e9s, les ministres en charge de la sant\u00e9, Pr Claudine Lougu\u00e9, en charge de l\u2019\u00e9ducation nationale, Pr Stanislas Ouaro et le porte-parole du gouvernement, R\u00e9mis Fulgance Dandjinou.<\/strong><\/p>\n<p><strong>\u00a0<\/strong>Le Burkina Faso compte 629 cas confirm\u00e9s de coronavirus (379 hommes et 250 femmes) dont 425 personnes gu\u00e9ries et 41 d\u00e9c\u00e8s. Les personnes sous traitement \u00e0 la date du 23 avril sont 163. Ce point a \u00e9t\u00e9 donn\u00e9 par le directeur du Centre des op\u00e9rations de r\u00e9ponse aux urgences sanitaires (CORUS), Dr Brice Bicaba. <em>\u00ab\u00a0A la date du 23 avril, nous avons 13 nouveaux cas dont 10 \u00e0 Ouagadougou, 2 \u00e0 Bobo-Dioulasso et 1 \u00e0 Ziniar\u00e9, 15 gu\u00e9risons et aucun d\u00e9c\u00e8s\u00a0\u00bb<\/em>, a-t-il annonc\u00e9. A propos des cas confirm\u00e9s signal\u00e9s r\u00e9cemment dans le Centre-Nord, Dr Bicaba a pr\u00e9cis\u00e9 qu\u2019il s\u2019agit du site minier de Kongoussi.<\/p>\n<p>A la question de savoir pourqoi le Burkina Faso ne proc\u00e8de pas \u00e0 un d\u00e9pistage \u00e0 grande \u00e9chelle, le directeur du CORUS s\u2019est voulu assez r\u00e9aliste. Au d\u00e9but avec le seul laboratoire de Bobo-Dioulasso, il \u00e9tait difficile de faire beaucoup de tests. Mais, actuellement le pays dispose de 4 laboratoires et chaque laboratoire peut r\u00e9aliser 192 tests par jour. <em>\u00ab\u00a0Au d\u00e9part, l\u2019on avait 50 tests par jour et nous sommes pass\u00e9s de 80 \u00e0 100 tests par jour. Avec les 4 laboratoires, l\u2019on peut faire 768 tests par jour soit 192 tests par laboratoire\u00a0\u00bb<\/em>, a expliqu\u00e9 Dr Brice Bicaba. Il a m\u00eame fait comprendre que la strat\u00e9gie actuelle est de d\u00e9pister activement certains patients dans les centres de sant\u00e9 pr\u00e9sentant des probl\u00e8mes respiratoires aigus.<\/p>\n<div class=\"td-a-rec td-a-rec-id-content_inline tdi_30_5ad td_block_template_1\"><img loading=\"lazy\" decoding=\"async\" class=\"aligncenter size-full wp-image-21314\" src=\"https:\/\/www.sidwaya.info\/wp-content\/uploads\/2020\/04\/Bandeau-Covid-19-Sidwaya-1.jpg\" alt=\"\" width=\"790\" height=\"98\"\/><\/div>\n<p>Le ministre de la communication et des relations avec le Parlement, porte-parole du gouvernement, R\u00e9mis Fulgance Dandjinou a fait le point des Burkinab\u00e8 de l\u2019ext\u00e9rieur touch\u00e9s par le coronavirus. A ce propos, il a confi\u00e9 qu\u2019\u00e0 la date du 20 avril, 41 Burkinab\u00e8 de l\u2019ext\u00e9rieur ont \u00e9t\u00e9 test\u00e9s positifs au covid-19. Parmi ce groupe, il y a eu 19 gu\u00e9risons et 2 d\u00e9c\u00e8s.<\/p>\n<p>Le ministre en charge\u00a0de l\u2019\u00e9ducation nationale, Pr Stanislas Ouaro a pr\u00e9sent\u00e9 le plan de riposte dans le domaine de l\u2019\u00e9ducation. Un plan dont le co\u00fbt annuel a \u00e9t\u00e9 estim\u00e9 \u00e0 8\u00a0253\u00a0975\u00a0220 F CFA. Il a soulign\u00e9 que ce plan est b\u00e2ti autour de quatre axes strat\u00e9giques. Il s\u2019agit de l\u2019usage des TIC pour assurer la continuit\u00e9 \u00e9ducative, la reprise effective des cours, l\u2019information, la sensibilisation et la communication, la coordination et le suivi-\u00e9valuation.<\/p>\n<p><strong>Les TIC, l\u2019une des solutions d\u2019urgence<\/strong><\/p>\n<p>A propos de l\u2019usage des TIC qui est le premier axe strat\u00e9gique, Pr Ouaro a d\u00e9clin\u00e9 les activit\u00e9s retenues qui sont essentiellement la mise en place de 15 commissions p\u00e9dagogiques pour la production des ressources num\u00e9riques, la pr\u00e9paration et l\u2019enregistrement des le\u00e7ons radiodiffus\u00e9es et audiovisuelles pour le pr\u00e9scolaire, le primaire, le post-primaire, le secondaire et l\u2019\u00e9ducation non formelle. Il est pr\u00e9vu \u00e9galement la r\u00e9adaptation et la traduction d\u2019\u00e9missions dans 20 langues nationales, la formation de 120 agents en sc\u00e9narisation des ressources p\u00e9dagogiques num\u00e9riques et le d\u00e9veloppement d\u2019une plateforme de e-learning.<\/p>\n<p>Pour ce qui concerne le deuxi\u00e8me axe strat\u00e9gique en lien avec l\u2019information et la communication, le ministre Ouaro a d\u00e9clar\u00e9 que tous les canaux et supports de diffusion seront mis \u00e0 contribution afin d\u2019atteindre les \u00e9l\u00e8ves de tout \u00e2ge qui sont dans les zones urbaines et rurales. Ces canaux et supports sont, les m\u00e9dias publics et priv\u00e9s (radios et t\u00e9l\u00e9visions), les applications num\u00e9riques avec ou sans connexion internet, les supports amovibles tels que les cartes m\u00e9moires, les cl\u00e9s USB, les annales. <em>\u00ab\u00a0Il faut retenir qu\u2019il ne s\u2019agit pas de substituer ces m\u00e9thodes aux m\u00e9thodes classiques d\u2019enseignement. Mais face \u00e0 la situation actuelle, nous devons d\u00e9velopper des strat\u00e9gies pour sauver l\u2019ann\u00e9e scolaire\u00a0\u00bb<\/em>, a-t-il affirm\u00e9. Pour lui, la crise sanitaire actuelle est venue rappeler l\u2019urgence de mettre en place un dispositif d\u2019enseignement ou d\u2019apprentissage \u00e0 distance \u00e0 travers l\u2019utilisation des TIC. Puisque, de son avis, il est n\u00e9cessaire de proposer dans l\u2019urgence \u00e0 4\u00a0700\u00a0000 \u00e9l\u00e8ves en rupture scolaire, un socle minimal de connaissances qui leur permettra de continuer les activit\u00e9s p\u00e9dagogiques d\u00e8s le retour \u00e0 la normale.<\/p>\n<p>Par ailleurs, le ministre en charge de l\u2019\u00e9ducation a pr\u00e9cis\u00e9 que le plan de reprise des cours comprend des mesures pr\u00e9ventives comme le nettoyage et la d\u00e9sinfection des \u00e9tablissements scolaires et des structures d\u2019\u00e9ducation non formelle, le port de masques ou de cache-nez et le lavage des mains. <em>\u00ab\u00a0Les masques \u00e9valu\u00e9s \u00e0 12 millions sont en confection et deux masques lavables et r\u00e9utilisables seront remis gratuitement \u00e0 chaque \u00e9l\u00e8ve du public comme du priv\u00e9, au personnel administratif et aux enseignants. Ce sera des masques confectionn\u00e9s avec du tissu 100% coton par la conf\u00e9d\u00e9ration Coton-Textile-Habillement avec l\u2019appui de l\u2019arm\u00e9e\u00a0\u00bb<\/em>, a dit Pr Ouaro. Il a soulign\u00e9 que le co\u00fbt des masques pour les \u00e9l\u00e8ves s\u2019\u00e9l\u00e8ve \u00e0 plus de 3 milliards de francs CFA.<\/p>\n<p>Pour ce qui est de la reprise effective des cours pr\u00e9vue pour le 28 avril prochain, Pr Stanislas Ouaro a r\u00e9v\u00e9l\u00e9 que les concertations sont en cours. <em>\u00ab Le gouvernement avisera si la reprise est confirm\u00e9e ou sera report\u00e9e\u00a0\u00bb<\/em>, a-t-il dit.<\/p>\n<p><strong>Gaspard BAYALA<\/strong><\/p>\n<div class=\"td-a-rec td-a-rec-id-content_bottom tdi_31_05d td_block_template_1\"><img loading=\"lazy\" decoding=\"async\" class=\"aligncenter size-full wp-image-9623\" src=\"https:\/\/www.sidwaya.info\/wp-content\/uploads\/2019\/06\/Projet-bannie%CC%80re-Orange-mobile.jpg\" alt=\"\" width=\"728\" height=\"81\"\/><\/div>\n<p>Auteur: BANGRE SIDWAYA<br \/>\n<a href=\"https:\/\/www.sidwaya.info\/blog\/2020\/04\/25\/covid-19-425-guerisons-et-41-deces-a-la-date-du-23-avril\/\">Cliquez ici pour lire l&rsquo;article depuis sa source.<\/a><\/p>\n","protected":false},"excerpt":{"rendered":"<p>Le point de presse hebdomadaire sur le covid-19 s\u2019est tenu le 24 avril 2020 au Service d\u2019information du gouvernement. Cette fois, le bilan a \u00e9t\u00e9 donn\u00e9 par le directeur du Centre des op\u00e9rations de r\u00e9ponse aux urgences sanitaires (CORUS), Dr Brice Bicaba. Il avait \u00e0 ses c\u00f4t\u00e9s, les ministres en charge de la sant\u00e9, Pr [&hellip;]<\/p>\n","protected":false},"author":1816,"featured_media":0,"comment_status":"closed","ping_status":"closed","sticky":false,"template":"","format":"standard","meta":{"fifu_image_url":"","fifu_image_alt":"","footnotes":""},"categories":[73,81],"tags":[],"class_list":["post-83434","post","type-post","status-publish","format-standard","hentry","category-actualite","category-burkina-faso"],"_links":{"self":[{"href":"https:\/\/linitiative.ca\/International\/wp-json\/wp\/v2\/posts\/83434","targetHints":{"allow":["GET"]}}],"collection":[{"href":"https:\/\/linitiative.ca\/International\/wp-json\/wp\/v2\/posts"}],"about":[{"href":"https:\/\/linitiative.ca\/International\/wp-json\/wp\/v2\/types\/post"}],"author":[{"embeddable":true,"href":"https:\/\/linitiative.ca\/International\/wp-json\/wp\/v2\/users\/1816"}],"replies":[{"embeddable":true,"href":"https:\/\/linitiative.ca\/International\/wp-json\/wp\/v2\/comments?post=83434"}],"version-history":[{"count":0,"href":"https:\/\/linitiative.ca\/International\/wp-json\/wp\/v2\/posts\/83434\/revisions"}],"wp:attachment":[{"href":"https:\/\/linitiative.ca\/International\/wp-json\/wp\/v2\/media?parent=83434"}],"wp:term":[{"taxonomy":"category","embeddable":true,"href":"https:\/\/linitiative.ca\/International\/wp-json\/wp\/v2\/categories?post=83434"},{"taxonomy":"post_tag","embeddable":true,"href":"https:\/\/linitiative.ca\/International\/wp-json\/wp\/v2\/tags?post=83434"}],"curies":[{"name":"wp","href":"https:\/\/api.w.org\/{rel}","templated":true}]}}