{"id":83436,"date":"2020-04-25T15:17:47","date_gmt":"2020-04-25T19:17:47","guid":{"rendered":"https:\/\/linitiative.ca\/International\/covid-19-au-burkina-faso-00-nouveaux-cas-confirmes-17-guerisons-et-00-deces-a-la-date-du-24-avril-2020\/"},"modified":"2020-04-25T15:17:47","modified_gmt":"2020-04-25T19:17:47","slug":"covid-19-au-burkina-faso-00-nouveaux-cas-confirmes-17-guerisons-et-00-deces-a-la-date-du-24-avril-2020","status":"publish","type":"post","link":"https:\/\/linitiative.ca\/International\/covid-19-au-burkina-faso-00-nouveaux-cas-confirmes-17-guerisons-et-00-deces-a-la-date-du-24-avril-2020\/","title":{"rendered":"Covid-19 au Burkina Faso: 00 nouveaux cas confirm\u00e9s, 17 gu\u00e9risons, et 00 d\u00e9c\u00e8s \u00e0 la date du 24 avril 2020"},"content":{"rendered":"<div class=\"td-post-sharing-top td-post-sharing td-ps-bg td-ps-padding td-ps-bar td-post-sharing-style6\">\n<div class=\"td-post-sharing-visible\"><a class=\"td-social-sharing-button td-social-sharing-button-js td-social-network td-social-facebook\" href=\"https:\/\/www.facebook.com\/sharer.php?u=https%3A%2F%2Fwww.sidwaya.info%2Fblog%2F2020%2F04%2F25%2Fcovid-19-au-burkina-faso-00-nouveaux-cas-confirmes-17-guerisons-et-00-deces-a-la-date-du-24-avril-2020%2F\"\/><\/p>\n<p>Facebook<\/p>\n<p><a class=\"td-social-sharing-button td-social-sharing-button-js td-social-network td-social-twitter\" href=\"https:\/\/twitter.com\/intent\/tweet?text=Covid-19+au+Burkina+Faso%3A+00+nouveaux+cas+confirm%C3%A9s%2C+17+gu%C3%A9risons%2C+et+00+d%C3%A9c%C3%A8s+%C3%A0+la+date+du+24+avril+2020&amp;url=https%3A%2F%2Fwww.sidwaya.info%2Fblog%2F2020%2F04%2F25%2Fcovid-19-au-burkina-faso-00-nouveaux-cas-confirmes-17-guerisons-et-00-deces-a-la-date-du-24-avril-2020%2F&amp;via=Quotidien+Sidwaya\"\/><\/p>\n<p>Twitter<\/p>\n<p><a class=\"td-social-sharing-button td-social-sharing-button-js td-social-network td-social-pinterest\" href=\"https:\/\/pinterest.com\/pin\/create\/button\/?url=https:\/\/www.sidwaya.info\/blog\/2020\/04\/25\/covid-19-au-burkina-faso-00-nouveaux-cas-confirmes-17-guerisons-et-00-deces-a-la-date-du-24-avril-2020\/&amp;media=https:\/\/www.sidwaya.info\/wp-content\/uploads\/2020\/03\/sigg.png&amp;description=Covid-19+au+Burkina+Faso%3A+00+nouveaux+cas+confirm%C3%A9s%2C+17+gu%C3%A9risons%2C+et+00+d%C3%A9c%C3%A8s+%C3%A0+la+date+du+24+avril+2020\"\/><\/p>\n<p>Pinterest<\/p>\n<p><a class=\"td-social-sharing-button td-social-sharing-button-js td-social-network td-social-whatsapp\" href=\"whatsapp:\/\/send?text=Covid-19+au+Burkina+Faso%3A+00+nouveaux+cas+confirm%C3%A9s%2C+17+gu%C3%A9risons%2C+et+00+d%C3%A9c%C3%A8s+%C3%A0+la+date+du+24+avril+2020%20%0A%0A%20https:\/\/www.sidwaya.info\/blog\/2020\/04\/25\/covid-19-au-burkina-faso-00-nouveaux-cas-confirmes-17-guerisons-et-00-deces-a-la-date-du-24-avril-2020\/\"\/><\/p>\n<p>WhatsApp<\/p>\n<p><a class=\"td-social-sharing-button td-social-sharing-button-js td-social-network td-social-linkedin\" href=\"https:\/\/www.linkedin.com\/shareArticle?mini=true&amp;url=https:\/\/www.sidwaya.info\/blog\/2020\/04\/25\/covid-19-au-burkina-faso-00-nouveaux-cas-confirmes-17-guerisons-et-00-deces-a-la-date-du-24-avril-2020\/&amp;title=Covid-19+au+Burkina+Faso%3A+00+nouveaux+cas+confirm%C3%A9s%2C+17+gu%C3%A9risons%2C+et+00+d%C3%A9c%C3%A8s+%C3%A0+la+date+du+24+avril+2020\"\/><\/p>\n<p>Linkedin<\/p>\n<p><a class=\"td-social-sharing-button td-social-sharing-button-js td-social-network td-social-mail\" href=\"mailto:?subject=Covid-19%20au%20Burkina%20Faso:%2000%20nouveaux%20cas%20confirm%C3%A9s,%2017%20gu%C3%A9risons,%20et%2000%20d%C3%A9c%C3%A8s%20%C3%A0%20la%20date%20du%2024%20avril%202020&amp;body=https:\/\/www.sidwaya.info\/blog\/2020\/04\/25\/covid-19-au-burkina-faso-00-nouveaux-cas-confirmes-17-guerisons-et-00-deces-a-la-date-du-24-avril-2020\/\"\/><\/p>\n<p>Email<\/p>\n<p><a class=\"td-social-sharing-button td-social-sharing-button-js td-social-network td-social-print\" href=\"#\"\/><\/p>\n<p>Print<\/p>\n<p><a class=\"td-social-sharing-button td-social-sharing-button-js td-social-network td-social-tumblr\" href=\"https:\/\/www.tumblr.com\/share\/link?url=https:\/\/www.sidwaya.info\/blog\/2020\/04\/25\/covid-19-au-burkina-faso-00-nouveaux-cas-confirmes-17-guerisons-et-00-deces-a-la-date-du-24-avril-2020\/&amp;name=Covid-19%20au%20Burkina%20Faso:%2000%20nouveaux%20cas%20confirm%C3%A9s,%2017%20gu%C3%A9risons,%20et%2000%20d%C3%A9c%C3%A8s%20%C3%A0%20la%20date%20du%2024%20avril%202020\"\/><\/p>\n<p>Tumblr<\/p>\n<p><a class=\"td-social-sharing-button td-social-sharing-button-js td-social-network td-social-telegram\" href=\"https:\/\/telegram.me\/share\/url?url=https:\/\/www.sidwaya.info\/blog\/2020\/04\/25\/covid-19-au-burkina-faso-00-nouveaux-cas-confirmes-17-guerisons-et-00-deces-a-la-date-du-24-avril-2020\/&amp;text=Covid-19+au+Burkina+Faso%3A+00+nouveaux+cas+confirm%C3%A9s%2C+17+gu%C3%A9risons%2C+et+00+d%C3%A9c%C3%A8s+%C3%A0+la+date+du+24+avril+2020\"\/><\/p>\n<p>Telegram<\/p>\n<p><a class=\"td-social-sharing-button td-social-sharing-button-js td-social-network td-social-viber\" href=\"viber:\/\/forward?text=Covid-19+au+Burkina+Faso%3A+00+nouveaux+cas+confirm%C3%A9s%2C+17+gu%C3%A9risons%2C+et+00+d%C3%A9c%C3%A8s+%C3%A0+la+date+du+24+avril+2020%20https:\/\/www.sidwaya.info\/blog\/2020\/04\/25\/covid-19-au-burkina-faso-00-nouveaux-cas-confirmes-17-guerisons-et-00-deces-a-la-date-du-24-avril-2020\/\"\/><\/p>\n<p>Viber<\/p>\n<p><a class=\"td-social-sharing-button td-social-sharing-button-js td-social-network td-social-naver\" href=\"https:\/\/share.naver.com\/web\/shareView.nhn?url=https:\/\/www.sidwaya.info\/blog\/2020\/04\/25\/covid-19-au-burkina-faso-00-nouveaux-cas-confirmes-17-guerisons-et-00-deces-a-la-date-du-24-avril-2020\/&amp;title=Covid-19+au+Burkina+Faso%3A+00+nouveaux+cas+confirm%C3%A9s%2C+17+gu%C3%A9risons%2C+et+00+d%C3%A9c%C3%A8s+%C3%A0+la+date+du+24+avril+2020\"\/><\/p>\n<p>Naver<\/p>\n<\/div>\n<\/div>\n<div class=\"td-post-content tagdiv-type\" readability=\"51\">\n<div class=\"td-post-featured-image\"><a href=\"https:\/\/www.sidwaya.info\/wp-content\/uploads\/2020\/03\/sigg.png\" data-caption=\"\"><img loading=\"lazy\" decoding=\"async\" width=\"381\" height=\"251\" class=\"entry-thumb td-modal-image\" src=\"https:\/\/www.sidwaya.info\/wp-content\/uploads\/2020\/03\/sigg.png\" srcset=\"https:\/\/www.sidwaya.info\/wp-content\/uploads\/2020\/03\/sigg.png 381w, https:\/\/www.sidwaya.info\/wp-content\/uploads\/2020\/03\/sigg-300x198.png 300w\" sizes=\"auto, (max-width: 381px) 100vw, 381px\" alt=\"\" title=\"sigg\"\/><\/a><\/div>\n<p>A la date du 24 avril 2020, la situation de la maladie \u00e0 Coronavirus au Burkina Faso se pr\u00e9sente comme suit :<\/p>\n<p>-48 \u00e9chantillons analys\u00e9s dont 16 cas suspects et 32 contr\u00f4les ;<\/p>\n<p>-00 nouveaux cas confirm\u00e9s ;<\/p>\n<p>-17 gu\u00e9risons, portant \u00e0 442, le total des gu\u00e9risons ;<\/p>\n<p>-00 d\u00e9c\u00e8s, total des d\u00e9c\u00e8s 41 ;<\/p>\n<p>-146 cas actifs sous traitement.<\/p>\n<p>Au total, 629 cas ont \u00e9t\u00e9 confirm\u00e9s dont 250 femmes et 379 hommes, depuis le 09 mars 2020.<\/p>\n<p>Communiqu\u00e9 du SIG<\/p>\n<div><img loading=\"lazy\" decoding=\"async\" class=\"alignleft size-full wp-image-21434\" src=\"https:\/\/www.sidwaya.info\/wp-content\/uploads\/2020\/04\/FB_IMG_1587836742282.jpg\" alt=\"\" width=\"720\" height=\"1008\" srcset=\"https:\/\/www.sidwaya.info\/wp-content\/uploads\/2020\/04\/FB_IMG_1587836742282.jpg 720w, https:\/\/www.sidwaya.info\/wp-content\/uploads\/2020\/04\/FB_IMG_1587836742282-214x300.jpg 214w, https:\/\/www.sidwaya.info\/wp-content\/uploads\/2020\/04\/FB_IMG_1587836742282-696x974.jpg 696w, https:\/\/www.sidwaya.info\/wp-content\/uploads\/2020\/04\/FB_IMG_1587836742282-300x420.jpg 300w, https:\/\/www.sidwaya.info\/wp-content\/uploads\/2020\/04\/FB_IMG_1587836742282-600x840.jpg 600w\" sizes=\"auto, (max-width: 720px) 100vw, 720px\"\/><\/div>\n<div class=\"td-a-rec td-a-rec-id-content_bottom tdi_30_f2a td_block_template_1\"><img loading=\"lazy\" decoding=\"async\" class=\"aligncenter size-full wp-image-9623\" src=\"https:\/\/www.sidwaya.info\/wp-content\/uploads\/2019\/06\/Projet-bannie%CC%80re-Orange-mobile.jpg\" alt=\"\" width=\"728\" height=\"81\"\/><\/div>\n<\/div>\n<footer>\n<div class=\"td-post-sharing-bottom\">\n<p><iframe frameborder=\"0\" src=\"https:\/\/www.facebook.com\/plugins\/like.php?href=https:\/\/www.sidwaya.info\/blog\/2020\/04\/25\/covid-19-au-burkina-faso-00-nouveaux-cas-confirmes-17-guerisons-et-00-deces-a-la-date-du-24-avril-2020\/&amp;layout=button_count&amp;show_faces=false&amp;width=105&amp;action=like&amp;colorscheme=light&amp;height=21\" class=\"c1\">[embedded content]<\/iframe><\/p>\n<div id=\"td_social_sharing_article_bottom\" class=\"td-post-sharing td-ps-bg td-ps-padding td-post-sharing-style7\">\n<div class=\"td-post-sharing-visible\"><a class=\"td-social-sharing-button td-social-sharing-button-js td-social-network td-social-facebook\" href=\"https:\/\/www.facebook.com\/sharer.php?u=https%3A%2F%2Fwww.sidwaya.info%2Fblog%2F2020%2F04%2F25%2Fcovid-19-au-burkina-faso-00-nouveaux-cas-confirmes-17-guerisons-et-00-deces-a-la-date-du-24-avril-2020%2F\"\/><\/p>\n<p>Facebook<\/p>\n<p><a class=\"td-social-sharing-button td-social-sharing-button-js td-social-network td-social-twitter\" href=\"https:\/\/twitter.com\/intent\/tweet?text=Covid-19+au+Burkina+Faso%3A+00+nouveaux+cas+confirm%C3%A9s%2C+17+gu%C3%A9risons%2C+et+00+d%C3%A9c%C3%A8s+%C3%A0+la+date+du+24+avril+2020&amp;url=https%3A%2F%2Fwww.sidwaya.info%2Fblog%2F2020%2F04%2F25%2Fcovid-19-au-burkina-faso-00-nouveaux-cas-confirmes-17-guerisons-et-00-deces-a-la-date-du-24-avril-2020%2F&amp;via=Quotidien+Sidwaya\"\/><\/p>\n<p>Twitter<\/p>\n<p><a class=\"td-social-sharing-button td-social-sharing-button-js td-social-network td-social-pinterest\" href=\"https:\/\/pinterest.com\/pin\/create\/button\/?url=https:\/\/www.sidwaya.info\/blog\/2020\/04\/25\/covid-19-au-burkina-faso-00-nouveaux-cas-confirmes-17-guerisons-et-00-deces-a-la-date-du-24-avril-2020\/&amp;media=https:\/\/www.sidwaya.info\/wp-content\/uploads\/2020\/03\/sigg.png&amp;description=Covid-19+au+Burkina+Faso%3A+00+nouveaux+cas+confirm%C3%A9s%2C+17+gu%C3%A9risons%2C+et+00+d%C3%A9c%C3%A8s+%C3%A0+la+date+du+24+avril+2020\"\/><\/p>\n<p>Pinterest<\/p>\n<p><a class=\"td-social-sharing-button td-social-sharing-button-js td-social-network td-social-whatsapp\" href=\"whatsapp:\/\/send?text=Covid-19+au+Burkina+Faso%3A+00+nouveaux+cas+confirm%C3%A9s%2C+17+gu%C3%A9risons%2C+et+00+d%C3%A9c%C3%A8s+%C3%A0+la+date+du+24+avril+2020%20%0A%0A%20https:\/\/www.sidwaya.info\/blog\/2020\/04\/25\/covid-19-au-burkina-faso-00-nouveaux-cas-confirmes-17-guerisons-et-00-deces-a-la-date-du-24-avril-2020\/\"\/><\/p>\n<p>WhatsApp<\/p>\n<p><a class=\"td-social-sharing-button td-social-sharing-button-js td-social-network td-social-linkedin\" href=\"https:\/\/www.linkedin.com\/shareArticle?mini=true&amp;url=https:\/\/www.sidwaya.info\/blog\/2020\/04\/25\/covid-19-au-burkina-faso-00-nouveaux-cas-confirmes-17-guerisons-et-00-deces-a-la-date-du-24-avril-2020\/&amp;title=Covid-19+au+Burkina+Faso%3A+00+nouveaux+cas+confirm%C3%A9s%2C+17+gu%C3%A9risons%2C+et+00+d%C3%A9c%C3%A8s+%C3%A0+la+date+du+24+avril+2020\"\/><\/p>\n<p>Linkedin<\/p>\n<p><a class=\"td-social-sharing-button td-social-sharing-button-js td-social-network td-social-mail\" href=\"mailto:?subject=Covid-19%20au%20Burkina%20Faso:%2000%20nouveaux%20cas%20confirm%C3%A9s,%2017%20gu%C3%A9risons,%20et%2000%20d%C3%A9c%C3%A8s%20%C3%A0%20la%20date%20du%2024%20avril%202020&amp;body=https:\/\/www.sidwaya.info\/blog\/2020\/04\/25\/covid-19-au-burkina-faso-00-nouveaux-cas-confirmes-17-guerisons-et-00-deces-a-la-date-du-24-avril-2020\/\"\/><\/p>\n<p>Email<\/p>\n<p><a class=\"td-social-sharing-button td-social-sharing-button-js td-social-network td-social-print\" href=\"#\"\/><\/p>\n<p>Print<\/p>\n<p><a class=\"td-social-sharing-button td-social-sharing-button-js td-social-network td-social-tumblr\" href=\"https:\/\/www.tumblr.com\/share\/link?url=https:\/\/www.sidwaya.info\/blog\/2020\/04\/25\/covid-19-au-burkina-faso-00-nouveaux-cas-confirmes-17-guerisons-et-00-deces-a-la-date-du-24-avril-2020\/&amp;name=Covid-19%20au%20Burkina%20Faso:%2000%20nouveaux%20cas%20confirm%C3%A9s,%2017%20gu%C3%A9risons,%20et%2000%20d%C3%A9c%C3%A8s%20%C3%A0%20la%20date%20du%2024%20avril%202020\"\/><\/p>\n<p>Tumblr<\/p>\n<p><a class=\"td-social-sharing-button td-social-sharing-button-js td-social-network td-social-telegram\" href=\"https:\/\/telegram.me\/share\/url?url=https:\/\/www.sidwaya.info\/blog\/2020\/04\/25\/covid-19-au-burkina-faso-00-nouveaux-cas-confirmes-17-guerisons-et-00-deces-a-la-date-du-24-avril-2020\/&amp;text=Covid-19+au+Burkina+Faso%3A+00+nouveaux+cas+confirm%C3%A9s%2C+17+gu%C3%A9risons%2C+et+00+d%C3%A9c%C3%A8s+%C3%A0+la+date+du+24+avril+2020\"\/><\/p>\n<p>Telegram<\/p>\n<p><a class=\"td-social-sharing-button td-social-sharing-button-js td-social-network td-social-viber\" href=\"viber:\/\/forward?text=Covid-19+au+Burkina+Faso%3A+00+nouveaux+cas+confirm%C3%A9s%2C+17+gu%C3%A9risons%2C+et+00+d%C3%A9c%C3%A8s+%C3%A0+la+date+du+24+avril+2020%20https:\/\/www.sidwaya.info\/blog\/2020\/04\/25\/covid-19-au-burkina-faso-00-nouveaux-cas-confirmes-17-guerisons-et-00-deces-a-la-date-du-24-avril-2020\/\"\/><\/p>\n<p>Viber<\/p>\n<p><a class=\"td-social-sharing-button td-social-sharing-button-js td-social-network td-social-naver\" href=\"https:\/\/share.naver.com\/web\/shareView.nhn?url=https:\/\/www.sidwaya.info\/blog\/2020\/04\/25\/covid-19-au-burkina-faso-00-nouveaux-cas-confirmes-17-guerisons-et-00-deces-a-la-date-du-24-avril-2020\/&amp;title=Covid-19+au+Burkina+Faso%3A+00+nouveaux+cas+confirm%C3%A9s%2C+17+gu%C3%A9risons%2C+et+00+d%C3%A9c%C3%A8s+%C3%A0+la+date+du+24+avril+2020\"\/><\/p>\n<p>Naver<\/p>\n<\/div>\n<\/div>\n<\/div>\n<div class=\"td-block-row td-post-next-prev\">\n<div class=\"td-block-span6 td-post-prev-post td-post-next-prev-content\"><span>Article pr\u00e9c\u00e9dent<\/span><a href=\"https:\/\/www.sidwaya.info\/blog\/2020\/04\/25\/covid-19-le-cpo-renforce-la-lutte-a-dassasgho\/\">Covid-19 : Le CPO renforce la lutte \u00e0 Dassasgho<\/a><\/div>\n<\/div>\n<\/footer>\n<p>Auteur: BS. Sidwaya<br \/>\n<a href=\"https:\/\/www.sidwaya.info\/blog\/2020\/04\/25\/covid-19-au-burkina-faso-00-nouveaux-cas-confirmes-17-guerisons-et-00-deces-a-la-date-du-24-avril-2020\/\">Cliquez ici pour lire l&rsquo;article depuis sa source.<\/a><\/p>\n","protected":false},"excerpt":{"rendered":"<p>Facebook Twitter Pinterest WhatsApp Linkedin Email Print Tumblr Telegram Viber Naver A la date du 24 avril 2020, la situation de la maladie \u00e0 Coronavirus au Burkina Faso se pr\u00e9sente comme suit : -48 \u00e9chantillons analys\u00e9s dont 16 cas suspects et 32 contr\u00f4les ; -00 nouveaux cas confirm\u00e9s ; -17 gu\u00e9risons, portant \u00e0 442, le [&hellip;]<\/p>\n","protected":false},"author":1816,"featured_media":0,"comment_status":"closed","ping_status":"closed","sticky":false,"template":"","format":"standard","meta":{"fifu_image_url":"","fifu_image_alt":"","footnotes":""},"categories":[73,81],"tags":[],"class_list":["post-83436","post","type-post","status-publish","format-standard","hentry","category-actualite","category-burkina-faso"],"_links":{"self":[{"href":"https:\/\/linitiative.ca\/International\/wp-json\/wp\/v2\/posts\/83436","targetHints":{"allow":["GET"]}}],"collection":[{"href":"https:\/\/linitiative.ca\/International\/wp-json\/wp\/v2\/posts"}],"about":[{"href":"https:\/\/linitiative.ca\/International\/wp-json\/wp\/v2\/types\/post"}],"author":[{"embeddable":true,"href":"https:\/\/linitiative.ca\/International\/wp-json\/wp\/v2\/users\/1816"}],"replies":[{"embeddable":true,"href":"https:\/\/linitiative.ca\/International\/wp-json\/wp\/v2\/comments?post=83436"}],"version-history":[{"count":0,"href":"https:\/\/linitiative.ca\/International\/wp-json\/wp\/v2\/posts\/83436\/revisions"}],"wp:attachment":[{"href":"https:\/\/linitiative.ca\/International\/wp-json\/wp\/v2\/media?parent=83436"}],"wp:term":[{"taxonomy":"category","embeddable":true,"href":"https:\/\/linitiative.ca\/International\/wp-json\/wp\/v2\/categories?post=83436"},{"taxonomy":"post_tag","embeddable":true,"href":"https:\/\/linitiative.ca\/International\/wp-json\/wp\/v2\/tags?post=83436"}],"curies":[{"name":"wp","href":"https:\/\/api.w.org\/{rel}","templated":true}]}}