{"id":83438,"date":"2020-04-25T09:18:06","date_gmt":"2020-04-25T13:18:06","guid":{"rendered":"https:\/\/linitiative.ca\/International\/le-coronavirus-alimente-la-presse-en-ligne-burkinabe\/"},"modified":"2020-04-25T09:18:06","modified_gmt":"2020-04-25T13:18:06","slug":"le-coronavirus-alimente-la-presse-en-ligne-burkinabe","status":"publish","type":"post","link":"https:\/\/linitiative.ca\/International\/le-coronavirus-alimente-la-presse-en-ligne-burkinabe\/","title":{"rendered":"Le coronavirus alimente la presse en ligne burkinab\u00e8"},"content":{"rendered":"<div readability=\"32\">\n<p>Publi\u00e9 le 25.04.2020 \u00e0 14h18 par APA News<\/p>\n<\/div>\n<div readability=\"82\">\n<p>Les m\u00e9dias en ligne burkinab\u00e8 visit\u00e9s ce samedi par APA continuent de commenter l\u2019actualit\u00e9 nationale relative au coronavirus (Covid-19).Ainsi Burkina24.com informe que le minist\u00e8re de l\u2019Education \u00a0nationale a rencontr\u00e9, hier vendredi \u00e0 Ouagadougou, \u00a0les gouverneurs des 13 r\u00e9gions du Burkina Faso pour \u00e9changer sur le plan de riposte pour la continuit\u00e9 \u00e9ducative dans le contexte du Covid-19.<\/p>\n<p>Selon le site d\u2019information le minist\u00e8re \u00a0a proc\u00e9d\u00e9 aussi au lancement de la plateforme web \u00e9ducative du Minist\u00e8re de l\u2019\u00e9ducation nationale, de l\u2019alphab\u00e9tisation \u00a0et de la promotion des langues nationales (MENAPLN) qui a \u00e9t\u00e9 adopt\u00e9e \u00a0par le conseil des ministres en sa s\u00e9ance du 16 avril 2020.<\/p>\n<p>A ce sujet, Wakas\u00e9ra.com renseigne qu\u2019avant la reprise des cours, le gouvernement burkinab\u00e8 opte pour l\u2019enseignement \u00e0 distance<\/p>\n<p>Le m\u00eame site d\u2019information met en exergue: \u00abCoronavirus au Burkina: 629 cas, 425 gu\u00e9risons et 41 d\u00e9c\u00e8s\u00bb, \u00e9voquant ainsi l\u2019\u00e9volution de la pand\u00e9mie au niveau national.<\/p>\n<p>Pour sa part, LeFaso.net affiche: \u00abFermeture des \u00e9tablissements scolaires: La travers\u00e9e du d\u00e9sert des enseignants du priv\u00e9\u00bb, rapportant que la Coordination nationale des enseignants du priv\u00e9 du Burkina (CNEP-B) a rencontr\u00e9 la presse ce 24 avril 2020 \u00e0 Ouagadougou.<\/p>\n<p>Le confr\u00e8re rapporte que les animateurs de la rencontre avec les m\u00e9dias ont expos\u00e9 le calvaire que vivent les enseignants du priv\u00e9, \u00e0 la suite de la fermeture des \u00e9tablissements d\u2019enseignement pour cause de Coronavirus.<\/p>\n<p>Et d\u2019ajouter qu\u2019ils (les animateurs de la conf\u00e9rence de presse) ont aussi demand\u00e9 des mesures accompagnement au minist\u00e8re en charge de l\u2019\u00e9ducation nationale et aux responsables d\u2019\u00e9tablissement.<\/p>\n<p>Pendant ce temps, Fasozine.com revient sur la rencontre, tenue la veille \u00e0 Ouagadougou, entre le Premier ministre (PM) Christophe Joseph-Marie Dabir\u00e9 et la classe politique relative \u00e0 la \u00a0gestion de la pand\u00e9mie du Covid-19.<\/p>\n<p>Le confr\u00e8re fait observer que c\u2019est sur instruction du pr\u00e9sident du Faso que le PM a rencontr\u00e9 jeudi au palais pr\u00e9sidentiel, en pr\u00e9sence d\u2019une dizaine de ministres, les partis politiques de l\u2019Alliance des partis de la majorit\u00e9 pr\u00e9sidentielle (APMP) et du Chef de file de l\u2019opposition politique (CFOP).<\/p>\n<\/div>\n<p>Auteur: APA News<br \/>\n<a href=\"https:\/\/www.journalducameroun.com\/le-coronavirus-alimente-la-presse-en-ligne-burkinabe\/\">Cliquez ici pour lire l&rsquo;article depuis sa source.<\/a><\/p>\n","protected":false},"excerpt":{"rendered":"<p>Publi\u00e9 le 25.04.2020 \u00e0 14h18 par APA News Les m\u00e9dias en ligne burkinab\u00e8 visit\u00e9s ce samedi par APA continuent de commenter l\u2019actualit\u00e9 nationale relative au coronavirus (Covid-19).Ainsi Burkina24.com informe que le minist\u00e8re de l\u2019Education \u00a0nationale a rencontr\u00e9, hier vendredi \u00e0 Ouagadougou, \u00a0les gouverneurs des 13 r\u00e9gions du Burkina Faso pour \u00e9changer sur le plan de [&hellip;]<\/p>\n","protected":false},"author":1965,"featured_media":0,"comment_status":"closed","ping_status":"closed","sticky":false,"template":"","format":"standard","meta":{"fifu_image_url":"","fifu_image_alt":"","footnotes":""},"categories":[73,82],"tags":[],"class_list":["post-83438","post","type-post","status-publish","format-standard","hentry","category-actualite","category-cameroun"],"_links":{"self":[{"href":"https:\/\/linitiative.ca\/International\/wp-json\/wp\/v2\/posts\/83438","targetHints":{"allow":["GET"]}}],"collection":[{"href":"https:\/\/linitiative.ca\/International\/wp-json\/wp\/v2\/posts"}],"about":[{"href":"https:\/\/linitiative.ca\/International\/wp-json\/wp\/v2\/types\/post"}],"author":[{"embeddable":true,"href":"https:\/\/linitiative.ca\/International\/wp-json\/wp\/v2\/users\/1965"}],"replies":[{"embeddable":true,"href":"https:\/\/linitiative.ca\/International\/wp-json\/wp\/v2\/comments?post=83438"}],"version-history":[{"count":0,"href":"https:\/\/linitiative.ca\/International\/wp-json\/wp\/v2\/posts\/83438\/revisions"}],"wp:attachment":[{"href":"https:\/\/linitiative.ca\/International\/wp-json\/wp\/v2\/media?parent=83438"}],"wp:term":[{"taxonomy":"category","embeddable":true,"href":"https:\/\/linitiative.ca\/International\/wp-json\/wp\/v2\/categories?post=83438"},{"taxonomy":"post_tag","embeddable":true,"href":"https:\/\/linitiative.ca\/International\/wp-json\/wp\/v2\/tags?post=83438"}],"curies":[{"name":"wp","href":"https:\/\/api.w.org\/{rel}","templated":true}]}}