{"id":83439,"date":"2020-04-25T10:18:03","date_gmt":"2020-04-25T14:18:03","guid":{"rendered":"https:\/\/linitiative.ca\/International\/covid-19-un-prototype-de-respirateur-concu-en-cote-divoire-disponible-courant-mai-ministre\/"},"modified":"2020-04-25T10:18:03","modified_gmt":"2020-04-25T14:18:03","slug":"covid-19-un-prototype-de-respirateur-concu-en-cote-divoire-disponible-courant-mai-ministre","status":"publish","type":"post","link":"https:\/\/linitiative.ca\/International\/covid-19-un-prototype-de-respirateur-concu-en-cote-divoire-disponible-courant-mai-ministre\/","title":{"rendered":"Covid-19 : un prototype de respirateur con\u00e7u en C\u00f4te d\u2019Ivoire disponible courant mai (ministre)"},"content":{"rendered":"<div readability=\"32\">\n<p>Publi\u00e9 le 25.04.2020 \u00e0 15h18 par APA News<\/p>\n<\/div>\n<div readability=\"75\">\n<p>Le ministre ivoirien de l\u2019Enseignement technique et de la recherche scientifique, Albert Toikeusse Mabri, a annonc\u00e9 vendredi qu\u2019un prototype de respirateur, con\u00e7u par les chercheurs de l\u2019Institut national polytechnique Houphou\u00ebt-Boigny (INP-HB) sera disponible dans le courant du mois de mai 2020.\u00ab Nos chercheurs sont \u00e0 l\u2019\u0153uvre depuis la d\u00e9tection du premier cas de Covid-19 dans notre pays et les r\u00e9sultats de ce travail acharn\u00e9 porte d\u00e9j\u00e0 ses fruits. Ainsi, le prototype de respirateur con\u00e7u par les chercheurs de l\u2019INP-HB sera disponible dans le courant du mois de mai \u00bb, a \u00e9crit M. Mabri dans un post sur sa page Facebook.<\/p>\n<p>En mati\u00e8re de recherche scientifique ou d\u2019innovation technologique, le prototype est le premier exemplaire d\u2019un mod\u00e8le \u00e0 partir duquel une entit\u00e9 produit en s\u00e9rie un objet avant de le mettre sur le march\u00e9.<\/p>\n<p>Cette annonce intervient quelques jours apr\u00e8s une s\u00e9ance de travail \u00a0avec les institutions de recherches sous tutelle de son minist\u00e8re pour faire le point des recherches sur le Coronavirus \u00a0(Covid-19) en C\u00f4te d\u2019Ivoire.<\/p>\n<p>Il a en outre annonc\u00e9 des recettes de boissons enrichies en vitamines C et en antioxydants pour booster les d\u00e9fenses immunitaires. Ces solutions qui sont \u00ab pr\u00eates \u00bb visent \u00e0 lutter contre la pand\u00e9mie du Covid-19 dans le pays.<\/p>\n<p>Les institutions de recherches du pays qui ont d\u00e9montr\u00e9 leurs capacit\u00e9s, sont \u00e9galement outill\u00e9s pour faire la production de masques, de gels et solutions hydroalcooliques notamment enrichis par des essences de plantes.<\/p>\n<p>Il a fait savoir que \u00ab le Prof. Tahiri Annick est bien avanc\u00e9e sur la fabrication d\u2019une tisane dot\u00e9e de principes actifs antioxydants, antiviraux, antibact\u00e9riologiques, et \u00a0antifongiques capable de booster l\u2019immunit\u00e9 \u00bb.<\/p>\n<p>M. Mabri a assur\u00e9 que \u00ab le Prof. Zihiri Gu\u00e9d\u00e9, botaniste et erhnopharmagologue a con\u00e7u un produit dont l\u2019utilisation pourrait \u00eatre int\u00e9ressante pour contrer le Covid-19 \u00bb, encourageant les chercheurs \u00e0 \u00ab poursuivre leurs travaux dont le gouvernement attend beaucoup \u00bb.<\/p>\n<p>La C\u00f4te d\u2019Ivoire compte 1077 cas confirm\u00e9s dont 419 personnes gu\u00e9ries et 14 d\u00e9c\u00e8s. Le pays franchit la barre des 1.000 cas confirm\u00e9s en moins de deux mois.<\/p>\n<\/div>\n<p>Auteur: APA News<br \/>\n<a href=\"https:\/\/www.journalducameroun.com\/covid-19-un-prototype-de-respirateur-concu-en-cote-divoire-disponible-courant-mai-ministre\/\">Cliquez ici pour lire l&rsquo;article depuis sa source.<\/a><\/p>\n","protected":false},"excerpt":{"rendered":"<p>Publi\u00e9 le 25.04.2020 \u00e0 15h18 par APA News Le ministre ivoirien de l\u2019Enseignement technique et de la recherche scientifique, Albert Toikeusse Mabri, a annonc\u00e9 vendredi qu\u2019un prototype de respirateur, con\u00e7u par les chercheurs de l\u2019Institut national polytechnique Houphou\u00ebt-Boigny (INP-HB) sera disponible dans le courant du mois de mai 2020.\u00ab Nos chercheurs sont \u00e0 l\u2019\u0153uvre depuis [&hellip;]<\/p>\n","protected":false},"author":1965,"featured_media":0,"comment_status":"closed","ping_status":"closed","sticky":false,"template":"","format":"standard","meta":{"fifu_image_url":"","fifu_image_alt":"","footnotes":""},"categories":[73,82],"tags":[],"class_list":["post-83439","post","type-post","status-publish","format-standard","hentry","category-actualite","category-cameroun"],"_links":{"self":[{"href":"https:\/\/linitiative.ca\/International\/wp-json\/wp\/v2\/posts\/83439","targetHints":{"allow":["GET"]}}],"collection":[{"href":"https:\/\/linitiative.ca\/International\/wp-json\/wp\/v2\/posts"}],"about":[{"href":"https:\/\/linitiative.ca\/International\/wp-json\/wp\/v2\/types\/post"}],"author":[{"embeddable":true,"href":"https:\/\/linitiative.ca\/International\/wp-json\/wp\/v2\/users\/1965"}],"replies":[{"embeddable":true,"href":"https:\/\/linitiative.ca\/International\/wp-json\/wp\/v2\/comments?post=83439"}],"version-history":[{"count":0,"href":"https:\/\/linitiative.ca\/International\/wp-json\/wp\/v2\/posts\/83439\/revisions"}],"wp:attachment":[{"href":"https:\/\/linitiative.ca\/International\/wp-json\/wp\/v2\/media?parent=83439"}],"wp:term":[{"taxonomy":"category","embeddable":true,"href":"https:\/\/linitiative.ca\/International\/wp-json\/wp\/v2\/categories?post=83439"},{"taxonomy":"post_tag","embeddable":true,"href":"https:\/\/linitiative.ca\/International\/wp-json\/wp\/v2\/tags?post=83439"}],"curies":[{"name":"wp","href":"https:\/\/api.w.org\/{rel}","templated":true}]}}