{"id":83442,"date":"2020-04-25T13:26:44","date_gmt":"2020-04-25T17:26:44","guid":{"rendered":"https:\/\/linitiative.ca\/International\/a-cause-du-coronavirus-87-dentreprises-camerounaises-ont-mis-en-chomage-ou-reduit-leurs-effectifs\/"},"modified":"2020-04-25T13:26:44","modified_gmt":"2020-04-25T17:26:44","slug":"a-cause-du-coronavirus-87-dentreprises-camerounaises-ont-mis-en-chomage-ou-reduit-leurs-effectifs","status":"publish","type":"post","link":"https:\/\/linitiative.ca\/International\/a-cause-du-coronavirus-87-dentreprises-camerounaises-ont-mis-en-chomage-ou-reduit-leurs-effectifs\/","title":{"rendered":"A cause du Coronavirus, 87% d\u2019entreprises camerounaises ont mis en ch\u00f4mage ou r\u00e9duit leurs effectifs"},"content":{"rendered":"<div id=\"the-post\">\n<div class=\"featured-area featured-area-inner\"><img loading=\"lazy\" decoding=\"async\" width=\"532\" height=\"350\" src=\"https:\/\/ecomatin.net\/wp-content\/uploads\/2020\/04\/REDUCTION-EFFECTIF.jpg\" class=\"attachment-jannah-image-post size-jannah-image-post wp-post-image\" alt=\"\" srcset=\"https:\/\/ecomatin.net\/wp-content\/uploads\/2020\/04\/REDUCTION-EFFECTIF.jpg 532w, https:\/\/ecomatin.net\/wp-content\/uploads\/2020\/04\/REDUCTION-EFFECTIF-300x197.jpg 300w\" sizes=\"auto, (max-width: 532px) 100vw, 532px\" data-attachment-id=\"15466\" data-permalink=\"https:\/\/ecomatin.net\/a-cause-du-coronavirus-87-dentreprises-camerounaises-ont-mis-en-chomage-ou-reduit-leurs-effectifs\/reduction-effectif\/\" data-orig-file=\"https:\/\/ecomatin.net\/wp-content\/uploads\/2020\/04\/REDUCTION-EFFECTIF.jpg\" data-orig-size=\"532,350\" data-comments-opened=\"0\" data-image-meta=\"{&quot;aperture&quot;:&quot;0&quot;,&quot;credit&quot;:&quot;&quot;,&quot;camera&quot;:&quot;&quot;,&quot;caption&quot;:&quot;&quot;,&quot;created_timestamp&quot;:&quot;0&quot;,&quot;copyright&quot;:&quot;&quot;,&quot;focal_length&quot;:&quot;0&quot;,&quot;iso&quot;:&quot;0&quot;,&quot;shutter_speed&quot;:&quot;0&quot;,&quot;title&quot;:&quot;&quot;,&quot;orientation&quot;:&quot;0&quot;}\" data-image-title=\"REDUCTION EFFECTIF\" data-image-description=\"\" data-medium-file=\"https:\/\/ecomatin.net\/wp-content\/uploads\/2020\/04\/REDUCTION-EFFECTIF-300x197.jpg\" data-large-file=\"https:\/\/ecomatin.net\/wp-content\/uploads\/2020\/04\/REDUCTION-EFFECTIF.jpg\"\/><\/div>\n<div class=\"entry-content entry clearfix\" readability=\"49.4105691057\">\n<p>Le Groupement Inter-patronal du Cameroun(Gicam) a rendu public, ce 22 avril, son rapport sur l\u2019impact de la crise du Covid-19 sur les entreprises camerounaises. Apr\u00e8s une enqu\u00eate r\u00e9alis\u00e9e aupr\u00e8s des chefs d\u2019entreprises de diff\u00e9rents secteurs, il en ressort que plus de 90% d\u2019entreprises ont \u00e9t\u00e9 impact\u00e9s n\u00e9gativement par la maladie. Un impact qui se ressent \u00e0 plusieurs niveaux de fonctionnement. Par exemple, sur les entreprises interrog\u00e9es, 87% d\u2019entre elles ont \u00e9t\u00e9 oblig\u00e9s de proc\u00e9der \u00e0 des mises au ch\u00f4mage technique ou \u00e0 des r\u00e9ductions d\u2019effectifs. R\u00e9duction d\u2019effectifs tr\u00e8s prononc\u00e9e chez les PME, 50% ont choisi cette option pour se maintenir.<\/p>\n<p>Au sujet de la production, 69% des entreprises industrielles affirment que leur production est directement affect\u00e9e par la pand\u00e9mie. Difficile d\u2019exporter le produit fini ou encore d\u2019importer la mati\u00e8re premi\u00e8re. A ce sujet, l\u2019enqu\u00eate du Gicam r\u00e9v\u00e8le que les achats et l\u2019approvisionnement de 62% des entreprises industrielles sont touch\u00e9s. \u00a0\u00a0\u00a0\u00a0<\/p>\n<p><strong><code>&gt;&gt;Lire aussi-<\/code> <a href=\"https:\/\/ecomatin.net\/le-gicam-se-prononce-sur-limpact-du-covid-19-sur-les-entreprises\/\">Coronavirus: le Gicam se prononce sur l\u2019impact du Covid-19 sur les entreprises<\/a><\/strong><\/p>\n<p>Les entreprises ont \u00e9galement vu leur chiffre d\u2019affaire subir les m\u00e9faits du Coronavirus. Durant le mois de mars, 77% d\u2019entre elles indiquent que leur chiffre d\u2019affaire hors taxe(CAHT) est en baisse par rapport \u00e0 la m\u00eame p\u00e9riode en 2019. Une situation qui touche en premier chef les PME (83%) suivis des grandes entreprises (62%).<\/p>\n<p>Pour rem\u00e9dier \u00e0 cette situation, les patrons d\u2019entreprises demandent \u00e0 l\u2019Etat de proc\u00e9der \u00e0 quelques all\u00e8gements.. Il s\u2019agit notamment du\u00a0 report des charges sociales et fiscales, le financement de tr\u00e9sorerie \u00e0 taux d\u2019int\u00e9r\u00eat r\u00e9duit, la r\u00e9duction des d\u00e9lais de paiement, et le report du paiement des loyers et factures entre autres<\/p>\n<div class=\"awac-wrapper awac widget posts-list-widget-13\">\n<h4 class=\"widget-title\">Recent Posts<\/h4>\n<\/div>\n<\/div>\n<\/div>\n<div readability=\"31.5\">\n<div class=\"container-wrapper subscribe-widget widget-inner-wrap subscribe-widget-content\" id=\"post-newsletter\" readability=\"33\">\n<h4>With Product You Purchase<\/h4>\n<h3>Subscribe to our mailing list to get the new updates!<\/h3>\n<p>Lorem ipsum dolor sit amet, consectetur.<\/p>\n<\/div>\n<\/div>\n<p>Auteur: EcoMatin<br \/>\n<a href=\"https:\/\/ecomatin.net\/a-cause-du-coronavirus-87-dentreprises-camerounaises-ont-mis-en-chomage-ou-reduit-leurs-effectifs\/\">Cliquez ici pour lire l&rsquo;article depuis sa source.<\/a><\/p>\n","protected":false},"excerpt":{"rendered":"<p>Le Groupement Inter-patronal du Cameroun(Gicam) a rendu public, ce 22 avril, son rapport sur l\u2019impact de la crise du Covid-19 sur les entreprises camerounaises. Apr\u00e8s une enqu\u00eate r\u00e9alis\u00e9e aupr\u00e8s des chefs d\u2019entreprises de diff\u00e9rents secteurs, il en ressort que plus de 90% d\u2019entreprises ont \u00e9t\u00e9 impact\u00e9s n\u00e9gativement par la maladie. Un impact qui se ressent [&hellip;]<\/p>\n","protected":false},"author":1969,"featured_media":0,"comment_status":"closed","ping_status":"closed","sticky":false,"template":"","format":"standard","meta":{"fifu_image_url":"","fifu_image_alt":"","footnotes":""},"categories":[82,78],"tags":[],"class_list":["post-83442","post","type-post","status-publish","format-standard","hentry","category-cameroun","category-economie"],"_links":{"self":[{"href":"https:\/\/linitiative.ca\/International\/wp-json\/wp\/v2\/posts\/83442","targetHints":{"allow":["GET"]}}],"collection":[{"href":"https:\/\/linitiative.ca\/International\/wp-json\/wp\/v2\/posts"}],"about":[{"href":"https:\/\/linitiative.ca\/International\/wp-json\/wp\/v2\/types\/post"}],"author":[{"embeddable":true,"href":"https:\/\/linitiative.ca\/International\/wp-json\/wp\/v2\/users\/1969"}],"replies":[{"embeddable":true,"href":"https:\/\/linitiative.ca\/International\/wp-json\/wp\/v2\/comments?post=83442"}],"version-history":[{"count":0,"href":"https:\/\/linitiative.ca\/International\/wp-json\/wp\/v2\/posts\/83442\/revisions"}],"wp:attachment":[{"href":"https:\/\/linitiative.ca\/International\/wp-json\/wp\/v2\/media?parent=83442"}],"wp:term":[{"taxonomy":"category","embeddable":true,"href":"https:\/\/linitiative.ca\/International\/wp-json\/wp\/v2\/categories?post=83442"},{"taxonomy":"post_tag","embeddable":true,"href":"https:\/\/linitiative.ca\/International\/wp-json\/wp\/v2\/tags?post=83442"}],"curies":[{"name":"wp","href":"https:\/\/api.w.org\/{rel}","templated":true}]}}