{"id":83447,"date":"2020-04-25T12:12:26","date_gmt":"2020-04-25T16:12:26","guid":{"rendered":"https:\/\/linitiative.ca\/International\/situation-epidemiologique-au-25-avril-a-16hr-cumul-des-cas-a-ce-jour-3897\/"},"modified":"2020-04-25T12:12:26","modified_gmt":"2020-04-25T16:12:26","slug":"situation-epidemiologique-au-25-avril-a-16hr-cumul-des-cas-a-ce-jour-3897","status":"publish","type":"post","link":"https:\/\/linitiative.ca\/International\/situation-epidemiologique-au-25-avril-a-16hr-cumul-des-cas-a-ce-jour-3897\/","title":{"rendered":"Situation \u00e9pid\u00e9miologique au 25 avril \u00e0 16hr Cumul des cas \u00e0 ce jour 3897"},"content":{"rendered":"<header>\n<\/header>\n<div class=\"entry-content clearfix\" readability=\"35\">\n<p>Situation \u00e9pid\u00e9miologique au 25 avril \u00e0 16hr Cumul des cas \u00e0 ce jour 3897 Entre hier \u00e0 18h et aujourd\u2019hui \u00e0 16h 139 nouveaux cas 51 nouvelles gu\u00e9risons soit un cumul de 537 gu\u00e9risons \u00e0 ce jour 1 seul nouveau d\u00e9c\u00e8s donc un cumul de 158 d\u00e9c\u00e8s \u00e0 ce jour (taux de mortalit\u00e9 4,1%)<\/p>\n<\/div>\n<p>Auteur: ALM<br \/>\n<a href=\"http:\/\/aujourdhui.ma\/actualite\/situation-epidemiologique-au-25-avril-a-16hr-cumul-des-cas-a-ce-jour-3897-entre-hier-a-18h-et-aujourdhui-a-16h-139-nouveaux-cas-51-nouvelles-guerisons-soit-un-cumul-de-537-guerisons-a-ce-jou-1\">Cliquez ici pour lire l&rsquo;article depuis sa source.<\/a><\/p>\n","protected":false},"excerpt":{"rendered":"<p>Situation \u00e9pid\u00e9miologique au 25 avril \u00e0 16hr Cumul des cas \u00e0 ce jour 3897 Entre hier \u00e0 18h et aujourd\u2019hui \u00e0 16h 139 nouveaux cas 51 nouvelles gu\u00e9risons soit un cumul de 537 gu\u00e9risons \u00e0 ce jour 1 seul nouveau d\u00e9c\u00e8s donc un cumul de 158 d\u00e9c\u00e8s \u00e0 ce jour (taux de mortalit\u00e9 4,1%) Auteur: [&hellip;]<\/p>\n","protected":false},"author":1759,"featured_media":0,"comment_status":"closed","ping_status":"closed","sticky":false,"template":"","format":"standard","meta":{"fifu_image_url":"","fifu_image_alt":"","footnotes":""},"categories":[73,54],"tags":[],"class_list":["post-83447","post","type-post","status-publish","format-standard","hentry","category-actualite","category-maroc"],"_links":{"self":[{"href":"https:\/\/linitiative.ca\/International\/wp-json\/wp\/v2\/posts\/83447","targetHints":{"allow":["GET"]}}],"collection":[{"href":"https:\/\/linitiative.ca\/International\/wp-json\/wp\/v2\/posts"}],"about":[{"href":"https:\/\/linitiative.ca\/International\/wp-json\/wp\/v2\/types\/post"}],"author":[{"embeddable":true,"href":"https:\/\/linitiative.ca\/International\/wp-json\/wp\/v2\/users\/1759"}],"replies":[{"embeddable":true,"href":"https:\/\/linitiative.ca\/International\/wp-json\/wp\/v2\/comments?post=83447"}],"version-history":[{"count":0,"href":"https:\/\/linitiative.ca\/International\/wp-json\/wp\/v2\/posts\/83447\/revisions"}],"wp:attachment":[{"href":"https:\/\/linitiative.ca\/International\/wp-json\/wp\/v2\/media?parent=83447"}],"wp:term":[{"taxonomy":"category","embeddable":true,"href":"https:\/\/linitiative.ca\/International\/wp-json\/wp\/v2\/categories?post=83447"},{"taxonomy":"post_tag","embeddable":true,"href":"https:\/\/linitiative.ca\/International\/wp-json\/wp\/v2\/tags?post=83447"}],"curies":[{"name":"wp","href":"https:\/\/api.w.org\/{rel}","templated":true}]}}