{"id":83449,"date":"2020-04-25T12:21:36","date_gmt":"2020-04-25T16:21:36","guid":{"rendered":"https:\/\/linitiative.ca\/International\/inscrivez-vous-au-concours-jusquau-1er-mai-toutes-les-idees-sur-lapres-corona-sont-bonnes-chez-klk-khayatey-living\/"},"modified":"2020-04-25T12:21:36","modified_gmt":"2020-04-25T16:21:36","slug":"inscrivez-vous-au-concours-jusquau-1er-mai-toutes-les-idees-sur-lapres-corona-sont-bonnes-chez-klk-khayatey-living","status":"publish","type":"post","link":"https:\/\/linitiative.ca\/International\/inscrivez-vous-au-concours-jusquau-1er-mai-toutes-les-idees-sur-lapres-corona-sont-bonnes-chez-klk-khayatey-living\/","title":{"rendered":"Inscrivez-vous au concours jusqu\u2019au 1er mai : Toutes les id\u00e9es sur l\u2019apr\u00e8s-Corona sont bonnes chez KLK Khayatey Living"},"content":{"rendered":"<p><img decoding=\"async\" class=\"post_layout_5_img\" src=\"http:\/\/aujourdhui.ma\/wp-content\/uploads\/2020\/04\/KLK-Khayatey-Living-concours.jpg\" alt=\"Inscrivez-vous au concours jusqu&#x2019;au 1er mai : Toutes les id&#xE9;es sur l&#x2019;apr&#xE8;s-Corona sont bonnes chez KLK Khayatey Living\"\/><\/p>\n<p><span class=\"c5\"><span class=\"c4\"><strong>Le promoteur immobilier, KLK Khayatey Living, pense d\u00e9j\u00e0 \u00e0 l\u2019apr\u00e8s-Corona. A cet effet, il vient de lancer un concours d\u2019architecture dont la gestion est confi\u00e9e \u00e0 Archimedia, organisateur d\u00e9l\u00e9gu\u00e9.<\/strong><\/span> <span id=\"more-342826\"\/><\/span><\/p>\n<p>Selon le promoteur, ce concours est \u00abdestin\u00e9 aux architectes et urbanistes nationaux de moins de 40 ans, quel que soit le mode d\u2019exercice de leur profession, mais \u00e9galement aux \u00e9tudiants marocains inscrits en derni\u00e8re ann\u00e9e dans une \u00e9cole d\u2019architecture au Maroc ou \u00e0 l\u2019\u00e9tranger\u00bb. Comme il l\u2019explicite, les propositions devront rendre compte d\u2019un futur souhaitable et plausible \u00e0 la lumi\u00e8re des enseignements capitalis\u00e9s \u00e0 ce jour.<\/p>\n<p>Que ce soit sur le plan environnemental ou social (accessibilit\u00e9 et adaptabilit\u00e9) en int\u00e9grant la donne sanitaire actuelle et son corollaire sur les modes futurs de travail, soit t\u00e9l\u00e9travail, livraisons \u00e0 domicile, etc, sans oublier les modes de distribution des espaces int\u00e9rieurs. Quant au programme, il se veut le moins restrictif possible laissant les candidats faire des propositions sans contraintes, en dehors de celles qu\u2019ils auront mis eux-m\u00eames. \u00ab Sans \u00eatre un projet utopique les propositions qu\u2019il contient seront disruptives \u00bb, ajoute la m\u00eame source.<\/p>\n<p>Pour le promoteur, cette libert\u00e9 totale de programmation va permettre de dessiner les r\u00e8gles futures d\u2019un urbanisme mixte de quartier, et d\u2019une architecture en rupture totale avec les acquis et les r\u00e8gles actuelles. \u00ab Que devons-nous d\u00e9duire de toutes ces exp\u00e9riences v\u00e9cues pendant le Codiv-19 ? Quelles propositions de r\u00e9organisation fonctionnelle, architecturale, urbaine et volum\u00e9trique de nos quartiers et habitations dans l\u2019avenir? Quels seraient les nouveaux concepts de vie dans l\u2019habitat collectif et l\u2019individuel ? Comment r\u00e9\u00e9crire notre nouveau rapport avec l\u2019ext\u00e9rieur? Comment les quartiers et les villes en r\u00e9flexion, seront-ils con\u00e7us apr\u00e8s avoir pris conscience des chamboulements que nous vivons aujourd\u2019hui ?\u00bb, s\u2019interroge l\u2019initiateur.<\/p>\n<p>Ce sont quatre prix aux montants tr\u00e8s substantiels, dont le premier est de 100 000 DH, qui seront remis aux gagnants qui seront s\u00e9lectionn\u00e9s par un jury de professionnels de renom. \u00abL\u2019ensemble des r\u00e9flexions pertinentes feront l\u2019objet d\u2019un \u00ab Livre Blanc \u00bb qui devrait constituer une base r\u00e9fl\u00e9chie pour concevoir l\u2019habitat vertueux de demain\u00bb, annonce le promoteur. Pour rappel, la date limite d\u2019inscription en ligne est fix\u00e9e au 1er mai. Quant \u00e0 la date de rendu final des travaux, elle est pr\u00e9vue le 12 juin. A vos candidatures.<\/p>\n<p>Auteur: ALM<br \/>\n<a href=\"http:\/\/aujourdhui.ma\/economie\/immobilier\/inscrivez-vous-au-concours-jusquau-1er-mai-toutes-les-idees-sur-lapres-corona-sont-bonnes-chez-klk-khayatey-living\">Cliquez ici pour lire l&rsquo;article depuis sa source.<\/a><\/p>\n","protected":false},"excerpt":{"rendered":"<p>Le promoteur immobilier, KLK Khayatey Living, pense d\u00e9j\u00e0 \u00e0 l\u2019apr\u00e8s-Corona. A cet effet, il vient de lancer un concours d\u2019architecture dont la gestion est confi\u00e9e \u00e0 Archimedia, organisateur d\u00e9l\u00e9gu\u00e9. Selon le promoteur, ce concours est \u00abdestin\u00e9 aux architectes et urbanistes nationaux de moins de 40 ans, quel que soit le mode d\u2019exercice de leur profession, [&hellip;]<\/p>\n","protected":false},"author":1759,"featured_media":0,"comment_status":"closed","ping_status":"closed","sticky":false,"template":"","format":"standard","meta":{"fifu_image_url":"","fifu_image_alt":"","footnotes":""},"categories":[73,54],"tags":[],"class_list":["post-83449","post","type-post","status-publish","format-standard","hentry","category-actualite","category-maroc"],"_links":{"self":[{"href":"https:\/\/linitiative.ca\/International\/wp-json\/wp\/v2\/posts\/83449","targetHints":{"allow":["GET"]}}],"collection":[{"href":"https:\/\/linitiative.ca\/International\/wp-json\/wp\/v2\/posts"}],"about":[{"href":"https:\/\/linitiative.ca\/International\/wp-json\/wp\/v2\/types\/post"}],"author":[{"embeddable":true,"href":"https:\/\/linitiative.ca\/International\/wp-json\/wp\/v2\/users\/1759"}],"replies":[{"embeddable":true,"href":"https:\/\/linitiative.ca\/International\/wp-json\/wp\/v2\/comments?post=83449"}],"version-history":[{"count":0,"href":"https:\/\/linitiative.ca\/International\/wp-json\/wp\/v2\/posts\/83449\/revisions"}],"wp:attachment":[{"href":"https:\/\/linitiative.ca\/International\/wp-json\/wp\/v2\/media?parent=83449"}],"wp:term":[{"taxonomy":"category","embeddable":true,"href":"https:\/\/linitiative.ca\/International\/wp-json\/wp\/v2\/categories?post=83449"},{"taxonomy":"post_tag","embeddable":true,"href":"https:\/\/linitiative.ca\/International\/wp-json\/wp\/v2\/tags?post=83449"}],"curies":[{"name":"wp","href":"https:\/\/api.w.org\/{rel}","templated":true}]}}