{"id":83554,"date":"2020-04-27T12:50:00","date_gmt":"2020-04-27T16:50:00","guid":{"rendered":"https:\/\/linitiative.ca\/International\/le-dispositif-de-confinement-prolonge-jusqau-14-mai\/"},"modified":"2020-04-27T12:50:00","modified_gmt":"2020-04-27T16:50:00","slug":"le-dispositif-de-confinement-prolonge-jusqau-14-mai","status":"publish","type":"post","link":"https:\/\/linitiative.ca\/International\/le-dispositif-de-confinement-prolonge-jusqau-14-mai\/","title":{"rendered":"Le dispositif de confinement prolong\u00e9 jusq&rsquo;au 14 mai"},"content":{"rendered":"<div id=\"originalText\" readability=\"67\">\n<p class=\"c6\">Le dispositif actuel de confinement d\u00e9cid\u00e9 dans\u00a0le cadre de la lutte contre le Coronavirus (Covid-19) a \u00e9t\u00e9 prolong\u00e9\u00a0\u00a0jusqu&rsquo;au 14 mai prochain au m\u00eame titre que l&rsquo;ensemble des mesures qui\u00a0\u00a0l&rsquo;accompagnent, a indiqu\u00e9 lundi un communiqu\u00e9 des services du Premier\u00a0ministre.<\/p>\n<p class=\"c6\">\u00a0\u00ab\u00a0Suite \u00e0 la concertation r\u00e9guli\u00e8re avec le comit\u00e9 scientifique et\u00a0l&rsquo;autorit\u00e9 sanitaire sur l&rsquo;\u00e9volution de l&rsquo;\u00e9pid\u00e9mie du Covid-19, le Premier\u00a0ministre, Monsieur Abdelaziz DJERAD, apr\u00e8s accord de Monsieur le Pr\u00e9sident\u00a0de la R\u00e9publique, Chef supr\u00eame des Forces arm\u00e9es, ministre de la D\u00e9fense\u00a0nationale, a reconduit pour une p\u00e9riode suppl\u00e9mentaire de quinze (15)\u00a0\u00a0jours, \u00e0 savoir du 30 avril au 14 mai 2020, le dispositif actuel du\u00a0confinement ainsi que l&rsquo;ensemble des mesures pr\u00e9ventives qui\u00a0l&rsquo;accompagnent\u00a0\u00bb, pr\u00e9cise le communiqu\u00e9.\u00a0<\/p>\n<p class=\"c6\">A cette occasion, le Gouvernement \u00ab\u00a0conscient des efforts suppl\u00e9mentaires\u00a0que chacun doit fournir, r\u00e9it\u00e8re ses appels aux citoyens \u00e0 demeurer\u00a0conscient des enjeux et des d\u00e9fis sanitaires, \u00e9conomiques et sociaux du\u00a0Covid-19 et de continuer \u00e0 observer en toute conscience et avec rigueur,\u00a0les mesures d&rsquo;hygi\u00e8ne, de distanciation sociale et de protection, qui\u00a0demeurent les seules r\u00e9ponses actuelles pour l&rsquo;endiguement de cette\u00a0\u00e9pid\u00e9mie\u00a0\u00bb, ajoute-t-il.\u00a0<\/p>\n<p class=\"c6\">Par ailleurs, le gouvernement rappelle \u00ab\u00a0les risques encourus par ceux qui\u00a0ne respectent pas les mesures pr\u00e9ventives \u00e9dict\u00e9es et r\u00e9it\u00e8re la n\u00e9cessit\u00e9\u00a0pour les citoyens et les commer\u00e7ants d&rsquo;\u00eatre vigilants et responsables pour\u00a0permettre \u00e0 notre pays de conduire efficacement le processus de lutte\u00a0\u00a0<br \/>contre le Covid-19&Prime;.<\/p>\n<p class=\"c7\"><strong>APS<\/strong><\/p>\n<\/div>\n<div id=\"text_core\" readability=\"67\">\n<p class=\"c6\">Le dispositif actuel de confinement d\u00e9cid\u00e9 dans\u00a0le cadre de la lutte contre le Coronavirus (Covid-19) a \u00e9t\u00e9 prolong\u00e9\u00a0\u00a0jusqu&rsquo;au 14 mai prochain au m\u00eame titre que l&rsquo;ensemble des mesures qui\u00a0\u00a0l&rsquo;accompagnent, a indiqu\u00e9 lundi un communiqu\u00e9 des services du Premier\u00a0ministre.<\/p>\n<p class=\"c6\">\u00a0\u00ab\u00a0Suite \u00e0 la concertation r\u00e9guli\u00e8re avec le comit\u00e9 scientifique et\u00a0l&rsquo;autorit\u00e9 sanitaire sur l&rsquo;\u00e9volution de l&rsquo;\u00e9pid\u00e9mie du Covid-19, le Premier\u00a0ministre, Monsieur Abdelaziz DJERAD, apr\u00e8s accord de Monsieur le Pr\u00e9sident\u00a0de la R\u00e9publique, Chef supr\u00eame des Forces arm\u00e9es, ministre de la D\u00e9fense\u00a0nationale, a reconduit pour une p\u00e9riode suppl\u00e9mentaire de quinze (15)\u00a0\u00a0jours, \u00e0 savoir du 30 avril au 14 mai 2020, le dispositif actuel du\u00a0confinement ainsi que l&rsquo;ensemble des mesures pr\u00e9ventives qui\u00a0l&rsquo;accompagnent\u00a0\u00bb, pr\u00e9cise le communiqu\u00e9.\u00a0<\/p>\n<p class=\"c6\">A cette occasion, le Gouvernement \u00ab\u00a0conscient des efforts suppl\u00e9mentaires\u00a0que chacun doit fournir, r\u00e9it\u00e8re ses appels aux citoyens \u00e0 demeurer\u00a0conscient des enjeux et des d\u00e9fis sanitaires, \u00e9conomiques et sociaux du\u00a0Covid-19 et de continuer \u00e0 observer en toute conscience et avec rigueur,\u00a0les mesures d&rsquo;hygi\u00e8ne, de distanciation sociale et de protection, qui\u00a0demeurent les seules r\u00e9ponses actuelles pour l&rsquo;endiguement de cette\u00a0\u00e9pid\u00e9mie\u00a0\u00bb, ajoute-t-il.\u00a0<\/p>\n<p class=\"c6\">Par ailleurs, le gouvernement rappelle \u00ab\u00a0les risques encourus par ceux qui\u00a0ne respectent pas les mesures pr\u00e9ventives \u00e9dict\u00e9es et r\u00e9it\u00e8re la n\u00e9cessit\u00e9\u00a0pour les citoyens et les commer\u00e7ants d&rsquo;\u00eatre vigilants et responsables pour\u00a0permettre \u00e0 notre pays de conduire efficacement le processus de lutte\u00a0\u00a0<br \/>contre le Covid-19&Prime;.<\/p>\n<p class=\"c7\"><strong>APS<\/strong><\/p>\n<\/div>\n<p>Auteur:<br \/>\n<a href=\"https:\/\/www.liberte-algerie.com\/actualite\/le-dispositif-de-confinement-prolonge-jusqau-14-mai-337964\">Cliquez ici pour lire l&rsquo;article depuis sa source.<\/a><\/p>\n","protected":false},"excerpt":{"rendered":"<p>Le dispositif actuel de confinement d\u00e9cid\u00e9 dans\u00a0le cadre de la lutte contre le Coronavirus (Covid-19) a \u00e9t\u00e9 prolong\u00e9\u00a0\u00a0jusqu&rsquo;au 14 mai prochain au m\u00eame titre que l&rsquo;ensemble des mesures qui\u00a0\u00a0l&rsquo;accompagnent, a indiqu\u00e9 lundi un communiqu\u00e9 des services du Premier\u00a0ministre. \u00a0\u00ab\u00a0Suite \u00e0 la concertation r\u00e9guli\u00e8re avec le comit\u00e9 scientifique et\u00a0l&rsquo;autorit\u00e9 sanitaire sur l&rsquo;\u00e9volution de l&rsquo;\u00e9pid\u00e9mie du Covid-19, [&hellip;]<\/p>\n","protected":false},"author":1742,"featured_media":0,"comment_status":"closed","ping_status":"closed","sticky":false,"template":"","format":"standard","meta":{"fifu_image_url":"","fifu_image_alt":"","footnotes":""},"categories":[73,53],"tags":[],"class_list":["post-83554","post","type-post","status-publish","format-standard","hentry","category-actualite","category-algerie"],"_links":{"self":[{"href":"https:\/\/linitiative.ca\/International\/wp-json\/wp\/v2\/posts\/83554","targetHints":{"allow":["GET"]}}],"collection":[{"href":"https:\/\/linitiative.ca\/International\/wp-json\/wp\/v2\/posts"}],"about":[{"href":"https:\/\/linitiative.ca\/International\/wp-json\/wp\/v2\/types\/post"}],"author":[{"embeddable":true,"href":"https:\/\/linitiative.ca\/International\/wp-json\/wp\/v2\/users\/1742"}],"replies":[{"embeddable":true,"href":"https:\/\/linitiative.ca\/International\/wp-json\/wp\/v2\/comments?post=83554"}],"version-history":[{"count":0,"href":"https:\/\/linitiative.ca\/International\/wp-json\/wp\/v2\/posts\/83554\/revisions"}],"wp:attachment":[{"href":"https:\/\/linitiative.ca\/International\/wp-json\/wp\/v2\/media?parent=83554"}],"wp:term":[{"taxonomy":"category","embeddable":true,"href":"https:\/\/linitiative.ca\/International\/wp-json\/wp\/v2\/categories?post=83554"},{"taxonomy":"post_tag","embeddable":true,"href":"https:\/\/linitiative.ca\/International\/wp-json\/wp\/v2\/tags?post=83554"}],"curies":[{"name":"wp","href":"https:\/\/api.w.org\/{rel}","templated":true}]}}