{"id":83558,"date":"2020-04-27T13:53:00","date_gmt":"2020-04-27T17:53:00","guid":{"rendered":"https:\/\/linitiative.ca\/International\/4-470-menages-beneficiaires-de-loperation-ramadan-1441\/"},"modified":"2020-04-27T13:53:00","modified_gmt":"2020-04-27T17:53:00","slug":"4-470-menages-beneficiaires-de-loperation-ramadan-1441","status":"publish","type":"post","link":"https:\/\/linitiative.ca\/International\/4-470-menages-beneficiaires-de-loperation-ramadan-1441\/","title":{"rendered":"4.470 m\u00e9nages b\u00e9n\u00e9ficiaires de l\u2019Op\u00e9ration \u00ab\u00a0Ramadan 1441\u00a0\u00bb"},"content":{"rendered":"<div readability=\"35\">\n<p>Youssoufia \u2013 Le nombre de m\u00e9nages b\u00e9n\u00e9ficiant de l\u2019Op\u00e9ration de distribution alimentaire \u00ab\u00a0Ramadan 1441\u00a0\u00bb au niveau de la province de Youssoufia s\u2019\u00e9l\u00e8ve \u00e0 4.470, soit une augmentation du nombre de foyers b\u00e9n\u00e9ficiaires de 870 par rapport \u00e0 l\u2019ann\u00e9e pr\u00e9c\u00e9dente.<\/p>\n<\/div>\n<div readability=\"104\">\n<p>Sur ce total, 700 m\u00e9nages b\u00e9n\u00e9ficiaires sont issus du milieu urbain, dont 400 \u00e0 la ville de Youssoufia et 300 \u00e0 la ville d\u2019Echemmaia, alors que le nombre des familles cibl\u00e9es en milieu rural est de 3.770.<\/p>\n<p>Cette op\u00e9ration, qui vise \u00e0 apporter l\u2019aide et le r\u00e9confort aux personnes vuln\u00e9rables et aux familles vivant en situation de pr\u00e9carit\u00e9, et \u00e0 r\u00e9duire les effets socio-\u00e9conomiques de la crise induite par la pand\u00e9mie du nouveau coronavirus, cible en particulier les personnes \u00e2g\u00e9es, les veuves et les personnes en situation de handicap.<\/p>\n<p>Le panier est compos\u00e9 de sept produits essentiels (10 kg de farine, 4 kg de sucre, 250 gr de th\u00e9, 1 kg de lentilles, 1 kg de vermicelle, 5 Litres d\u2019huile et 800g de concentr\u00e9 de tomates). Cette aide se propose de combler les besoins alimentaires des m\u00e9nages notamment ceux li\u00e9s \u00e0 la p\u00e9riode du mois sacr\u00e9 du Ramadan.<\/p>\n<p>En cette p\u00e9riode de confinement, la Fondation Mohammed V pour la Solidarit\u00e9 et ses partenaires ont d\u00fb adapter le dispositif de distribution pour que la s\u00e9curit\u00e9 des populations soit garantie. La distribution est effectu\u00e9e dans le respect des consignes sanitaires et de protection, selon le protocole et les modalit\u00e9s adapt\u00e9s par les autorit\u00e9s locales.<\/p>\n<p>Elle est assur\u00e9e par les ca\u00efdats dans le cadre d\u2019un comit\u00e9 local qui veille \u00e0 informer les chefs des familles b\u00e9n\u00e9ficiaires et \u00e0 organiser la remise de l\u2019aide alimentaire directement aupr\u00e8s des foyers, en porte \u00e0 porte.<\/p>\n<p>Sa Majest\u00e9 Le Roi Mohammed VI a donn\u00e9 Ses Hautes Instructions pour le lancement de l\u2019Op\u00e9ration de distribution alimentaire Ramadan 1441, en faveur de 600.000 familles d\u00e9munies, dont 459.504 dans le milieu rural.<\/p>\n<p>Dans la continuit\u00e9 de l\u2019\u00e9lan national de lutte contre les effets du Covid-19 initi\u00e9 par Sa Majest\u00e9 Le Roi Mohammed VI et en application des Hautes Instructions du Souverain, la Fondation Mohammed V pour la Solidarit\u00e9 s\u2019est mobilis\u00e9e pour l\u2019organisation de la 21\u00e8me \u00e9dition de l\u2019op\u00e9ration ramadan d\u2019aide alimentaire.<\/p>\n<p>Au vu de ce contexte in\u00e9dit et conform\u00e9ment aux directives de Sa Majest\u00e9 Le Roi Mohammed VI, la Fondation a op\u00e9r\u00e9 un renforcement des moyens afin d\u2019\u00e9largir la couverture des foyers b\u00e9n\u00e9ficiaires du soutien alimentaire. L\u2019effectif global a \u00e9t\u00e9 augment\u00e9 \u00e0 600.000 foyers (soit 100.000 foyers suppl\u00e9mentaires par rapport \u00e0 l\u2019\u00e9dition pr\u00e9c\u00e9dente), pour un investissement global de 85 millions de dirhams (achat des denr\u00e9es et logistique).<\/p>\n<p>Organis\u00e9e avec le soutien financier du Minist\u00e8re de l\u2019Int\u00e9rieur, de la Direction G\u00e9n\u00e9rale des Collectivit\u00e9s Locales et du Minist\u00e8re des Habous et des Affaires Islamiques, et le concours de l\u2019Entraide Nationale, du Minist\u00e8re de la Sant\u00e9, de la Gendarmerie Royale, des \u0153uvres sociales des FAR (DGSS), de la Promotion Nationale, des Forces Auxiliaires, des autorit\u00e9s provinciales et locales, cette 21\u00e8me \u00e9dition de l\u2019op\u00e9ration Ramadan, suivra le m\u00eame dispositif de mise en \u0153uvre et de contr\u00f4le d\u00e9ploy\u00e9 au niveau des deux comit\u00e9s local et provincial. Ils veillent sur le terrain au suivi de l\u2019approvisionnement des centres de distribution, au contr\u00f4le des denr\u00e9es, \u00e0 l\u2019identification des b\u00e9n\u00e9ficiaires et \u00e0 la remise des denr\u00e9es alimentaires.<\/p>\n<\/div>\n<p>Auteur: Meriem IGASS<br \/>\n<a href=\"http:\/\/www.mapmarrakech.ma\/fr\/4-470-menages-beneficiaires-de-loperation-ramadan-1441\/\">Cliquez ici pour lire l&rsquo;article depuis sa source.<\/a><\/p>\n","protected":false},"excerpt":{"rendered":"<p>Youssoufia \u2013 Le nombre de m\u00e9nages b\u00e9n\u00e9ficiant de l\u2019Op\u00e9ration de distribution alimentaire \u00ab\u00a0Ramadan 1441\u00a0\u00bb au niveau de la province de Youssoufia s\u2019\u00e9l\u00e8ve \u00e0 4.470, soit une augmentation du nombre de foyers b\u00e9n\u00e9ficiaires de 870 par rapport \u00e0 l\u2019ann\u00e9e pr\u00e9c\u00e9dente. Sur ce total, 700 m\u00e9nages b\u00e9n\u00e9ficiaires sont issus du milieu urbain, dont 400 \u00e0 la ville [&hellip;]<\/p>\n","protected":false},"author":1788,"featured_media":0,"comment_status":"closed","ping_status":"closed","sticky":false,"template":"","format":"standard","meta":{"fifu_image_url":"","fifu_image_alt":"","footnotes":""},"categories":[54,76],"tags":[],"class_list":["post-83558","post","type-post","status-publish","format-standard","hentry","category-maroc","category-regions"],"_links":{"self":[{"href":"https:\/\/linitiative.ca\/International\/wp-json\/wp\/v2\/posts\/83558","targetHints":{"allow":["GET"]}}],"collection":[{"href":"https:\/\/linitiative.ca\/International\/wp-json\/wp\/v2\/posts"}],"about":[{"href":"https:\/\/linitiative.ca\/International\/wp-json\/wp\/v2\/types\/post"}],"author":[{"embeddable":true,"href":"https:\/\/linitiative.ca\/International\/wp-json\/wp\/v2\/users\/1788"}],"replies":[{"embeddable":true,"href":"https:\/\/linitiative.ca\/International\/wp-json\/wp\/v2\/comments?post=83558"}],"version-history":[{"count":0,"href":"https:\/\/linitiative.ca\/International\/wp-json\/wp\/v2\/posts\/83558\/revisions"}],"wp:attachment":[{"href":"https:\/\/linitiative.ca\/International\/wp-json\/wp\/v2\/media?parent=83558"}],"wp:term":[{"taxonomy":"category","embeddable":true,"href":"https:\/\/linitiative.ca\/International\/wp-json\/wp\/v2\/categories?post=83558"},{"taxonomy":"post_tag","embeddable":true,"href":"https:\/\/linitiative.ca\/International\/wp-json\/wp\/v2\/tags?post=83558"}],"curies":[{"name":"wp","href":"https:\/\/api.w.org\/{rel}","templated":true}]}}