{"id":83559,"date":"2020-04-27T14:05:10","date_gmt":"2020-04-27T18:05:10","guid":{"rendered":"https:\/\/linitiative.ca\/International\/neuf-nouvelles-remissions-au-chu-mohammed-vi-97-au-total\/"},"modified":"2020-04-27T14:05:10","modified_gmt":"2020-04-27T18:05:10","slug":"neuf-nouvelles-remissions-au-chu-mohammed-vi-97-au-total","status":"publish","type":"post","link":"https:\/\/linitiative.ca\/International\/neuf-nouvelles-remissions-au-chu-mohammed-vi-97-au-total\/","title":{"rendered":"Neuf nouvelles r\u00e9missions au CHU Mohammed VI, 97 au total"},"content":{"rendered":"<div readability=\"35\">\n<p>Marrakech \u2013 Neuf patients compl\u00e8tement gu\u00e9ris du nouveau coronavirus (Covid-19) ont quitt\u00e9, lundi, le Centre Hospitalier Universitaire (CHU) Mohammed VI de Marrakech.<\/p>\n<\/div>\n<div readability=\"73\">\n<p>Il s\u2019agit de 07 hommes et de 02 femmes, \u00e2g\u00e9s entre 29 et 79 ans, d\u00e9finitivement gu\u00e9ris apr\u00e8s que les tests m\u00e9dicaux et cliniques effectu\u00e9s se sont r\u00e9v\u00e9l\u00e9s n\u00e9gatifs.<\/p>\n<p>Ainsi, ces nouvelles r\u00e9missions portent \u00e0 97 le nombre total des patients ayant quitt\u00e9 cet \u00e9tablissement hospitalier apr\u00e8s la confirmation de leur gu\u00e9rison totale.<\/p>\n<p>Dans une d\u00e9claration \u00e0 la MAP, le coordinateur g\u00e9n\u00e9ral du Covid-19 au CHU Mohammed VI, Dr. Takoui Abdelmajid, a indiqu\u00e9 que les personnes gu\u00e9ries ne souffraient d\u2019aucune complication ou de maladies chroniques, \u00e0 l\u2019exception d\u2019un patient atteint de tuberculose, notant que la dur\u00e9e moyenne d\u2019hospitalisation \u00e9tait entre 11 \u00e0 23 jours.<\/p>\n<p>L\u2019\u00e9tat de sant\u00e9 des patients a \u00e9t\u00e9 surveill\u00e9 24h\/24 et 7j\/7 par le corps m\u00e9dical et infirmier, a-t-il soulign\u00e9, mettant en avant l\u2019engagement inconditionnel des cadres m\u00e9dicaux, para-m\u00e9dicaux, techniques et administratifs du CHU de la cit\u00e9 ocre, qui sont mobilis\u00e9s pour prendre en charge les malades atteints du nouveau coronavirus.<\/p>\n<p>Les analyses cliniques de l\u2019ensemble des cas suspects au covid-19 relevant de la r\u00e9gion de Marrakech-Safi s\u2019effectuent au niveau du CHU Mohammed VI, a-t-il fait savoir.<\/p>\n<p>De m\u00eame, il a mis en avant la large mobilisation et l\u2019engagement exemplaire des pouvoirs publics ainsi que des m\u00e9dias pour sensibiliser et renforcer la prise de conscience autour de cette pand\u00e9mie.<\/p>\n<p>A cette occasion, il n\u2019a pas manqu\u00e9 d\u2019insister sur l\u2019importance de respecter les consignes relatives \u00e0 l\u2019\u00e9tat d\u2019urgence sanitaire pour limiter au maximum les foyers potentiels de propagation du Covid-19.<\/p>\n<\/div>\n<p>Auteur: Meriem IGASS<br \/>\n<a href=\"http:\/\/www.mapmarrakech.ma\/fr\/neuf-nouvelles-remissions-au-chu-mohammed-vi-97-au-total\/\">Cliquez ici pour lire l&rsquo;article depuis sa source.<\/a><\/p>\n","protected":false},"excerpt":{"rendered":"<p>Marrakech \u2013 Neuf patients compl\u00e8tement gu\u00e9ris du nouveau coronavirus (Covid-19) ont quitt\u00e9, lundi, le Centre Hospitalier Universitaire (CHU) Mohammed VI de Marrakech. Il s\u2019agit de 07 hommes et de 02 femmes, \u00e2g\u00e9s entre 29 et 79 ans, d\u00e9finitivement gu\u00e9ris apr\u00e8s que les tests m\u00e9dicaux et cliniques effectu\u00e9s se sont r\u00e9v\u00e9l\u00e9s n\u00e9gatifs. Ainsi, ces nouvelles r\u00e9missions [&hellip;]<\/p>\n","protected":false},"author":1788,"featured_media":0,"comment_status":"closed","ping_status":"closed","sticky":false,"template":"","format":"standard","meta":{"fifu_image_url":"","fifu_image_alt":"","footnotes":""},"categories":[54,76],"tags":[],"class_list":["post-83559","post","type-post","status-publish","format-standard","hentry","category-maroc","category-regions"],"_links":{"self":[{"href":"https:\/\/linitiative.ca\/International\/wp-json\/wp\/v2\/posts\/83559","targetHints":{"allow":["GET"]}}],"collection":[{"href":"https:\/\/linitiative.ca\/International\/wp-json\/wp\/v2\/posts"}],"about":[{"href":"https:\/\/linitiative.ca\/International\/wp-json\/wp\/v2\/types\/post"}],"author":[{"embeddable":true,"href":"https:\/\/linitiative.ca\/International\/wp-json\/wp\/v2\/users\/1788"}],"replies":[{"embeddable":true,"href":"https:\/\/linitiative.ca\/International\/wp-json\/wp\/v2\/comments?post=83559"}],"version-history":[{"count":0,"href":"https:\/\/linitiative.ca\/International\/wp-json\/wp\/v2\/posts\/83559\/revisions"}],"wp:attachment":[{"href":"https:\/\/linitiative.ca\/International\/wp-json\/wp\/v2\/media?parent=83559"}],"wp:term":[{"taxonomy":"category","embeddable":true,"href":"https:\/\/linitiative.ca\/International\/wp-json\/wp\/v2\/categories?post=83559"},{"taxonomy":"post_tag","embeddable":true,"href":"https:\/\/linitiative.ca\/International\/wp-json\/wp\/v2\/tags?post=83559"}],"curies":[{"name":"wp","href":"https:\/\/api.w.org\/{rel}","templated":true}]}}