{"id":83564,"date":"2020-04-27T14:05:56","date_gmt":"2020-04-27T18:05:56","guid":{"rendered":"https:\/\/linitiative.ca\/International\/alger-grande-satisfaction-des-citoyens-et-des-commercants-apres-la-reprise-des-secteurs-dactivite-commerciale\/"},"modified":"2020-04-27T14:05:56","modified_gmt":"2020-04-27T18:05:56","slug":"alger-grande-satisfaction-des-citoyens-et-des-commercants-apres-la-reprise-des-secteurs-dactivite-commerciale","status":"publish","type":"post","link":"https:\/\/linitiative.ca\/International\/alger-grande-satisfaction-des-citoyens-et-des-commercants-apres-la-reprise-des-secteurs-dactivite-commerciale\/","title":{"rendered":"Alger : grande satisfaction des citoyens et des commer\u00e7ants apr\u00e8s la reprise des secteurs d\u2019activit\u00e9 commerciale"},"content":{"rendered":"<div readability=\"39\">\n<p><strong>ALGER- Plusieurs citoyens et commer\u00e7ants ont exprim\u00e9, lundi \u00e0 Alger, leur satisfaction quant \u00e0 la reprise de certaines activit\u00e9s commerciales ayant \u00e9t\u00e9 ferm\u00e9es dans le cadre de la lutte contre la propagation du Covid-19, insistant sur l\u2019imp\u00e9ratif de respecter les mesures de distanciation sociale et d\u2019hygi\u00e8ne, a-t-on constat\u00e9.<\/strong><\/p>\n<\/div>\n<div readability=\"106\">\n<p>Lors d\u2019une visite effectu\u00e9e \u00e0 plusieurs communes d\u2019Alger, \u00e0 l\u2019instar d&rsquo;Ain Benian, Staoueli, El Hammamet, Bab El Oued, El Biar, Place du 1e mai, Alger centre et la place des martyrs lors de la 2e journ\u00e9e de l\u2019application de la mesure, plusieurs commer\u00e7ants de d\u00e9tail ont exprim\u00e9 \u00e0 l\u2019APS leur satisfaction quant \u00e0 l\u2019instruction donn\u00e9e par Premier ministre le 25 avril dernier portant \u00e9largissement des secteurs d\u2019activit\u00e9 et ouverture des magasins afin de limiter les retomb\u00e9es socio\u00e9conomiques de la pand\u00e9mie, faisant part de leurs souffrances apr\u00e8s pr\u00e8s de 2 mois de fermeture de leurs magasins.<\/p>\n<p>De leur c\u00f4t\u00e9, les citoyens ont accueilli favorablement la d\u00e9cision de reprise de certaines activit\u00e9s commerciales, \u00e0 l\u2019image des salons de coiffure, des magasins de v\u00eatements et de chaussures, des produits \u00e9lectrom\u00e9nagers et de g\u00e2teaux.<\/p>\n<p><strong>\u00a0<\/strong><\/p>\n<p><strong>Respect imp\u00e9ratif des mesures d&rsquo;hygi\u00e8ne<\/strong><\/p>\n<p>L\u2019APS a constat\u00e9 lors de sa tourn\u00e9e une affluence minime des clients suite \u00e0 la relance des activit\u00e9s de vente de v\u00eatements, de chaussures et d\u2019\u00e9lectrom\u00e9nager et bien d\u2019autres. Certains commer\u00e7ants ont imput\u00e9 cette affluence timide aux citoyens qui se sont habitu\u00e9s au confinement.<\/p>\n<p>A ce propos, un citoyen a exprim\u00e9, \u00e0 Bab Ezzaour, dans un local de vente de peinture et de c\u00e9ramique, sa crainte quant au non-respect des mesures barri\u00e8res par certains.<\/p>\n<p>S&rsquo;adressant aux commer\u00e7ants autoris\u00e9s \u00e0 reprendre leurs activit\u00e9s commerciales, notamment la coiffure et la vente des v\u00eatements et de chaussures, les services de la wilaya d&rsquo;Alger avaient rappel\u00e9 lundi dans un communiqu\u00e9 que l&rsquo;exercice de ces activit\u00e9s est soumis \u00e0 des r\u00e8gles sanitaires essentielles en vue d&rsquo;endiguer la propagation du Covid-19, \u00e0 savoir le strict respect des r\u00e8gles d&rsquo;hygi\u00e8ne et de distanciation sociale.<\/p>\n<p>Dans ce contexte, les m\u00eames services ont \u00e9tabli une liste de mesures sanitaires \u00e0 respecter par les salons de coiffures dont le travail \u00e0 portes ferm\u00e9es, l&rsquo;interdiction de recevoir plus de (02) deux clients en m\u00eame temps, la prise des rendez-vous par t\u00e9l\u00e9phone, le port des masques et des gants obligatoires pour le coiffeur et pour le client outre la st\u00e9rilisation du milieu de travail au quotidien, a ajout\u00e9 la m\u00eame source.<\/p>\n<p>Par ailleurs, les commerces d\u2019habillement et de chaussures doivent respecter des r\u00e8gles sanitaires drastiques, avec comme toute premi\u00e8re r\u00e8gle \u00e0 appliquer \u00e0 l\u2019entr\u00e9e du magasin, la d\u00e9sinfection des chaussures et la prise de la temp\u00e9rature corporelle au moyen de thermom\u00e8tres infrarouges portatifs et non-invasifs, tout en obligeant tant le client que le vendeur, le port de bavette, avec limitation du nombre de clients \u00e0 l\u2019int\u00e9rieur du magasin, selon la surface, \u00e0 trois (3) personnes au plus \u00e0 la fois.<\/p>\n<p>Dans le m\u00eame contexte, les m\u00eames services ont indiqu\u00e9 que l\u2019essayage des chaussures doit imp\u00e9rativement se faire avec des sachets \u00e0 usage unique, tout en appliquant soigneusement le gel hydro-alcoolique sur les mains, dans le respect de la distanciation sociale, entre le client et le vendeur.<\/p>\n<\/div>\n<p>Auteur:<br \/>\n<a href=\"http:\/\/www.aps.dz\/regions\/104449-alger-grande-satisfaction-des-citoyens-et-des-commercants-apres-la-reprise-des-secteurs-d-activite-commerciale\">Cliquez ici pour lire l&rsquo;article depuis sa source.<\/a><\/p>\n","protected":false},"excerpt":{"rendered":"<p>ALGER- Plusieurs citoyens et commer\u00e7ants ont exprim\u00e9, lundi \u00e0 Alger, leur satisfaction quant \u00e0 la reprise de certaines activit\u00e9s commerciales ayant \u00e9t\u00e9 ferm\u00e9es dans le cadre de la lutte contre la propagation du Covid-19, insistant sur l\u2019imp\u00e9ratif de respecter les mesures de distanciation sociale et d\u2019hygi\u00e8ne, a-t-on constat\u00e9. Lors d\u2019une visite effectu\u00e9e \u00e0 plusieurs communes [&hellip;]<\/p>\n","protected":false},"author":1790,"featured_media":0,"comment_status":"closed","ping_status":"closed","sticky":false,"template":"","format":"standard","meta":{"fifu_image_url":"","fifu_image_alt":"","footnotes":""},"categories":[53,76],"tags":[],"class_list":["post-83564","post","type-post","status-publish","format-standard","hentry","category-algerie","category-regions"],"_links":{"self":[{"href":"https:\/\/linitiative.ca\/International\/wp-json\/wp\/v2\/posts\/83564","targetHints":{"allow":["GET"]}}],"collection":[{"href":"https:\/\/linitiative.ca\/International\/wp-json\/wp\/v2\/posts"}],"about":[{"href":"https:\/\/linitiative.ca\/International\/wp-json\/wp\/v2\/types\/post"}],"author":[{"embeddable":true,"href":"https:\/\/linitiative.ca\/International\/wp-json\/wp\/v2\/users\/1790"}],"replies":[{"embeddable":true,"href":"https:\/\/linitiative.ca\/International\/wp-json\/wp\/v2\/comments?post=83564"}],"version-history":[{"count":0,"href":"https:\/\/linitiative.ca\/International\/wp-json\/wp\/v2\/posts\/83564\/revisions"}],"wp:attachment":[{"href":"https:\/\/linitiative.ca\/International\/wp-json\/wp\/v2\/media?parent=83564"}],"wp:term":[{"taxonomy":"category","embeddable":true,"href":"https:\/\/linitiative.ca\/International\/wp-json\/wp\/v2\/categories?post=83564"},{"taxonomy":"post_tag","embeddable":true,"href":"https:\/\/linitiative.ca\/International\/wp-json\/wp\/v2\/tags?post=83564"}],"curies":[{"name":"wp","href":"https:\/\/api.w.org\/{rel}","templated":true}]}}