{"id":83571,"date":"2020-04-27T15:12:11","date_gmt":"2020-04-27T19:12:11","guid":{"rendered":"https:\/\/linitiative.ca\/International\/international-le-fc-barcelone-ne-forcera-pas-ses-joueurs-a-revenir-a-lentrainement\/"},"modified":"2020-04-27T15:12:11","modified_gmt":"2020-04-27T19:12:11","slug":"international-le-fc-barcelone-ne-forcera-pas-ses-joueurs-a-revenir-a-lentrainement","status":"publish","type":"post","link":"https:\/\/linitiative.ca\/International\/international-le-fc-barcelone-ne-forcera-pas-ses-joueurs-a-revenir-a-lentrainement\/","title":{"rendered":"International : Le FC Barcelone ne forcera pas ses joueurs \u00e0 revenir \u00e0 l&rsquo;entra\u00eenement"},"content":{"rendered":"<div readability=\"32\">\n<p>Auteur : <span class=\"time\">lundi 27 avril 2020 14:00<\/span><\/p>\n<\/div>\n<div id=\"post_core\" readability=\"47\">\n<p>Les joueurs seront autoris\u00e9s \u00e0 retrouver les terrains d&rsquo;entra\u00eenement, individuellement dans un premier temps, une fois que les conditions sanitaires le permettront tout en suivant, bien \u00e9videmment, un protocole assez strict alors que des tests de d\u00e9pistage devraient \u00eatre effectu\u00e9s.<\/p>\n<p>Malgr\u00e9 tout, le FC Barcelone est sceptique au regard de ce protocole. C&rsquo;est pour cela que le club cul\u00e9 autorisera les joueurs souhaitant rester chez eux \u00e0 le faire au moment o\u00f9 une date de retour \u00e0 l&rsquo;entra\u00eenement sera annonc\u00e9e. Les Blaugranas pourraient m\u00eame communiquer dans les prochains jours \u00e0 ce sujet et m\u00eame faire part de son intention de ne disputer aucune rencontre tant que les conditions sanitaires ne seront pas optimales pour les joueurs. Footmercato a pr\u00e9cis\u00e9 que six autres pensionnaires de la Liga semblent aller dans le m\u00eame sens que le Bar\u00e7a. La sant\u00e9 des joueurs passe avant tout donc, alors m\u00eame que les clubs font face \u00e0 un manque \u00e0 gagner li\u00e9 \u00e0 l&rsquo;absence de matches sans pr\u00e9c\u00e9dent.<\/p>\n<p><strong>Publi\u00e9 dans :<\/strong> <span>messi<\/span> <span>fc barcelone<\/span> <span>suarez<\/span><\/p>\n<\/div>\n<p>Auteur:<br \/>\n<a href=\"http:\/\/www.lebuteur.com\/article\/detail?titre=le-fc-barcelone-ne-forcera-pas-ses-joueurs-a-revenir-a-lentrainement&#038;id=95748&#038;utm_source=feedburner&#038;utm_medium=feed&#038;utm_campaign=Feed%3A+GalerieFArtciles+%28Les+derniers+articles++-+lebuteur.com%29\">Cliquez ici pour lire l&rsquo;article depuis sa source.<\/a><\/p>\n","protected":false},"excerpt":{"rendered":"<p>Auteur : lundi 27 avril 2020 14:00 Les joueurs seront autoris\u00e9s \u00e0 retrouver les terrains d&rsquo;entra\u00eenement, individuellement dans un premier temps, une fois que les conditions sanitaires le permettront tout en suivant, bien \u00e9videmment, un protocole assez strict alors que des tests de d\u00e9pistage devraient \u00eatre effectu\u00e9s. Malgr\u00e9 tout, le FC Barcelone est sceptique au [&hellip;]<\/p>\n","protected":false},"author":1738,"featured_media":83572,"comment_status":"closed","ping_status":"closed","sticky":false,"template":"","format":"standard","meta":{"fifu_image_url":"","fifu_image_alt":"","footnotes":""},"categories":[53,75],"tags":[],"class_list":["post-83571","post","type-post","status-publish","format-standard","has-post-thumbnail","hentry","category-algerie","category-sport"],"_links":{"self":[{"href":"https:\/\/linitiative.ca\/International\/wp-json\/wp\/v2\/posts\/83571","targetHints":{"allow":["GET"]}}],"collection":[{"href":"https:\/\/linitiative.ca\/International\/wp-json\/wp\/v2\/posts"}],"about":[{"href":"https:\/\/linitiative.ca\/International\/wp-json\/wp\/v2\/types\/post"}],"author":[{"embeddable":true,"href":"https:\/\/linitiative.ca\/International\/wp-json\/wp\/v2\/users\/1738"}],"replies":[{"embeddable":true,"href":"https:\/\/linitiative.ca\/International\/wp-json\/wp\/v2\/comments?post=83571"}],"version-history":[{"count":0,"href":"https:\/\/linitiative.ca\/International\/wp-json\/wp\/v2\/posts\/83571\/revisions"}],"wp:featuredmedia":[{"embeddable":true,"href":"https:\/\/linitiative.ca\/International\/wp-json\/"}],"wp:attachment":[{"href":"https:\/\/linitiative.ca\/International\/wp-json\/wp\/v2\/media?parent=83571"}],"wp:term":[{"taxonomy":"category","embeddable":true,"href":"https:\/\/linitiative.ca\/International\/wp-json\/wp\/v2\/categories?post=83571"},{"taxonomy":"post_tag","embeddable":true,"href":"https:\/\/linitiative.ca\/International\/wp-json\/wp\/v2\/tags?post=83571"}],"curies":[{"name":"wp","href":"https:\/\/api.w.org\/{rel}","templated":true}]}}