{"id":83573,"date":"2020-04-27T15:12:14","date_gmt":"2020-04-27T19:12:14","guid":{"rendered":"https:\/\/linitiative.ca\/International\/pros-asse-la-mise-au-point-de-boudebouz\/"},"modified":"2020-04-27T15:12:14","modified_gmt":"2020-04-27T19:12:14","slug":"pros-asse-la-mise-au-point-de-boudebouz","status":"publish","type":"post","link":"https:\/\/linitiative.ca\/International\/pros-asse-la-mise-au-point-de-boudebouz\/","title":{"rendered":"Pros : ASSE: la mise au point de Boudebouz"},"content":{"rendered":"<div readability=\"32\">\n<p>Auteur : <span class=\"time\">lundi 27 avril 2020 17:40<\/span><\/p>\n<\/div>\n<div id=\"post_core\" readability=\"43\">\n<p>Alert\u00e9 par la rumeur d\u2019un d\u00e9part sur les r\u00e9seaux sociaux, Ryad Boudebouz a tenu \u00e0 r\u00e9agir. Le milieu offensif s\u2019est montr\u00e9 cat\u00e9gorique, il ne quittera pas l\u2019AS Saint-Etienne au prochain mercato: \u00ab\u00a0Je n&rsquo;ai aucunement pens\u00e9 partir, a assur\u00e9 l\u2019ancien Montpelli\u00e9rain sur son compte Instagram. Je n&rsquo;ai qu&rsquo;un objectif, c&rsquo;est finir la saison et pr\u00e9parer la suivante du mieux que possible. J&rsquo;ai v\u00e9cu des moments intenses ici et je remercie encore une fois les supporters pour tout l&rsquo;amour que vous me portez et tout le soutien aupr\u00e8s de l&rsquo;\u00e9quipe. Je n&rsquo;ai qu&rsquo;une h\u00e2te, c&rsquo;est retrouver le chaudron, mouiller le maillot et vous rendre fiers. Je suis 100% Vert.\u00a0\u00bb En attendant, plusieurs sources \u00e9voquent un int\u00e9r\u00eat st\u00e9phanois pour l\u2019Ami\u00e9nois Ga\u00ebl Kakuta, dont le profil rappelle celui de Boudebouz rapporte Maxifoot.fr.<\/p>\n<p><strong>Publi\u00e9 dans :<\/strong> <span>boudebouz<\/span><\/p>\n<\/div>\n<p>Auteur:<br \/>\n<a href=\"http:\/\/www.lebuteur.com\/article\/detail?titre=asse-la-mise-au-point-de-boudebouz&#038;id=95750&#038;utm_source=feedburner&#038;utm_medium=feed&#038;utm_campaign=Feed%3A+GalerieFArtciles+%28Les+derniers+articles++-+lebuteur.com%29\">Cliquez ici pour lire l&rsquo;article depuis sa source.<\/a><\/p>\n","protected":false},"excerpt":{"rendered":"<p>Auteur : lundi 27 avril 2020 17:40 Alert\u00e9 par la rumeur d\u2019un d\u00e9part sur les r\u00e9seaux sociaux, Ryad Boudebouz a tenu \u00e0 r\u00e9agir. Le milieu offensif s\u2019est montr\u00e9 cat\u00e9gorique, il ne quittera pas l\u2019AS Saint-Etienne au prochain mercato: \u00ab\u00a0Je n&rsquo;ai aucunement pens\u00e9 partir, a assur\u00e9 l\u2019ancien Montpelli\u00e9rain sur son compte Instagram. Je n&rsquo;ai qu&rsquo;un objectif, [&hellip;]<\/p>\n","protected":false},"author":1738,"featured_media":83574,"comment_status":"closed","ping_status":"closed","sticky":false,"template":"","format":"standard","meta":{"fifu_image_url":"","fifu_image_alt":"","footnotes":""},"categories":[53,75],"tags":[],"class_list":["post-83573","post","type-post","status-publish","format-standard","has-post-thumbnail","hentry","category-algerie","category-sport"],"_links":{"self":[{"href":"https:\/\/linitiative.ca\/International\/wp-json\/wp\/v2\/posts\/83573","targetHints":{"allow":["GET"]}}],"collection":[{"href":"https:\/\/linitiative.ca\/International\/wp-json\/wp\/v2\/posts"}],"about":[{"href":"https:\/\/linitiative.ca\/International\/wp-json\/wp\/v2\/types\/post"}],"author":[{"embeddable":true,"href":"https:\/\/linitiative.ca\/International\/wp-json\/wp\/v2\/users\/1738"}],"replies":[{"embeddable":true,"href":"https:\/\/linitiative.ca\/International\/wp-json\/wp\/v2\/comments?post=83573"}],"version-history":[{"count":0,"href":"https:\/\/linitiative.ca\/International\/wp-json\/wp\/v2\/posts\/83573\/revisions"}],"wp:featuredmedia":[{"embeddable":true,"href":"https:\/\/linitiative.ca\/International\/wp-json\/"}],"wp:attachment":[{"href":"https:\/\/linitiative.ca\/International\/wp-json\/wp\/v2\/media?parent=83573"}],"wp:term":[{"taxonomy":"category","embeddable":true,"href":"https:\/\/linitiative.ca\/International\/wp-json\/wp\/v2\/categories?post=83573"},{"taxonomy":"post_tag","embeddable":true,"href":"https:\/\/linitiative.ca\/International\/wp-json\/wp\/v2\/tags?post=83573"}],"curies":[{"name":"wp","href":"https:\/\/api.w.org\/{rel}","templated":true}]}}