{"id":83575,"date":"2020-04-27T15:12:16","date_gmt":"2020-04-27T19:12:16","guid":{"rendered":"https:\/\/linitiative.ca\/International\/divers-covid-19-prolongement-jusquau-14-mai-prochain-du-dispositif-de-confinement\/"},"modified":"2020-04-27T15:12:16","modified_gmt":"2020-04-27T19:12:16","slug":"divers-covid-19-prolongement-jusquau-14-mai-prochain-du-dispositif-de-confinement","status":"publish","type":"post","link":"https:\/\/linitiative.ca\/International\/divers-covid-19-prolongement-jusquau-14-mai-prochain-du-dispositif-de-confinement\/","title":{"rendered":"Divers : Covid-19: prolongement jusqu&rsquo;au 14 mai prochain du dispositif de confinement"},"content":{"rendered":"<div readability=\"32\">\n<p>Auteur : <span>APS<\/span> <span class=\"time\">lundi 27 avril 2020 18:00<\/span><\/p>\n<\/div>\n<div id=\"post_core\" readability=\"67\">\n<p>Le dispositif actuel de confinement d\u00e9cid\u00e9 dans le cadre de la lutte contre le Coronavirus (Covid-19) a \u00e9t\u00e9 prolong\u00e9 jusqu&rsquo;au 14 mai prochain au m\u00eame titre que l&rsquo;ensemble des mesures qui l&rsquo;accompagnent, a indiqu\u00e9 lundi un communiqu\u00e9 des services du Premier ministre.<\/p>\n<p>\u00ab\u00a0Suite \u00e0 la concertation r\u00e9guli\u00e8re avec le comit\u00e9 scientifique et l\u2019autorit\u00e9 sanitaire sur l\u2019\u00e9volution de l\u2019\u00e9pid\u00e9mie du Covid-19, le Premier ministre, Monsieur Abdelaziz DJERAD, apr\u00e8s accord de Monsieur le Pr\u00e9sident de la R\u00e9publique, Chef supr\u00eame des Forces arm\u00e9es, ministre de la D\u00e9fense nationale, a reconduit pour une p\u00e9riode suppl\u00e9mentaire de quinze (15) jours, \u00e0 savoir du 30 avril au 14 mai 2020, le dispositif actuel du confinement ainsi que l\u2019ensemble des mesures pr\u00e9ventives qui l\u2019accompagnent\u00a0\u00bb, pr\u00e9cise le communiqu\u00e9.<\/p>\n<p>A cette occasion, le Gouvernement \u00ab\u00a0conscient des efforts suppl\u00e9mentaires que chacun doit fournir, r\u00e9it\u00e8re ses appels aux citoyens \u00e0 demeurer conscient des enjeux et des d\u00e9fis sanitaires, \u00e9conomiques et sociaux du Covid-19 et de continuer \u00e0 observer en toute conscience et avec rigueur, les mesures d\u2019hygi\u00e8ne, de distanciation sociale et de protection, qui demeurent les seules r\u00e9ponses actuelles pour l\u2019endiguement de cette \u00e9pid\u00e9mie\u00a0\u00bb, ajoute-t-il.<\/p>\n<p>Par ailleurs, le gouvernement rappelle \u00ab\u00a0les risques encourus par ceux qui ne respectent pas les mesures pr\u00e9ventives \u00e9dict\u00e9es et r\u00e9it\u00e8re la n\u00e9cessit\u00e9 pour les citoyens et les commer\u00e7ants d\u2019\u00eatre vigilants et responsables pour permettre \u00e0 notre pays de conduire efficacement le processus de lutte contre le Covid-19\u00a0\u00bb.<\/p>\n<p><strong>Publi\u00e9 dans :<\/strong> <span>Covid-19<\/span><\/p>\n<\/div>\n<p>Auteur:<br \/>\n<a href=\"http:\/\/www.lebuteur.com\/article\/detail?titre=covid-19-prolongement-jusquau-14-mai-prochain-du-dispositif-de-confinement&#038;id=95751&#038;utm_source=feedburner&#038;utm_medium=feed&#038;utm_campaign=Feed%3A+GalerieFArtciles+%28Les+derniers+articles++-+lebuteur.com%29\">Cliquez ici pour lire l&rsquo;article depuis sa source.<\/a><\/p>\n","protected":false},"excerpt":{"rendered":"<p>Auteur : APS lundi 27 avril 2020 18:00 Le dispositif actuel de confinement d\u00e9cid\u00e9 dans le cadre de la lutte contre le Coronavirus (Covid-19) a \u00e9t\u00e9 prolong\u00e9 jusqu&rsquo;au 14 mai prochain au m\u00eame titre que l&rsquo;ensemble des mesures qui l&rsquo;accompagnent, a indiqu\u00e9 lundi un communiqu\u00e9 des services du Premier ministre. \u00ab\u00a0Suite \u00e0 la concertation r\u00e9guli\u00e8re [&hellip;]<\/p>\n","protected":false},"author":1738,"featured_media":83576,"comment_status":"closed","ping_status":"closed","sticky":false,"template":"","format":"standard","meta":{"fifu_image_url":"","fifu_image_alt":"","footnotes":""},"categories":[53,75],"tags":[],"class_list":["post-83575","post","type-post","status-publish","format-standard","has-post-thumbnail","hentry","category-algerie","category-sport"],"_links":{"self":[{"href":"https:\/\/linitiative.ca\/International\/wp-json\/wp\/v2\/posts\/83575","targetHints":{"allow":["GET"]}}],"collection":[{"href":"https:\/\/linitiative.ca\/International\/wp-json\/wp\/v2\/posts"}],"about":[{"href":"https:\/\/linitiative.ca\/International\/wp-json\/wp\/v2\/types\/post"}],"author":[{"embeddable":true,"href":"https:\/\/linitiative.ca\/International\/wp-json\/wp\/v2\/users\/1738"}],"replies":[{"embeddable":true,"href":"https:\/\/linitiative.ca\/International\/wp-json\/wp\/v2\/comments?post=83575"}],"version-history":[{"count":0,"href":"https:\/\/linitiative.ca\/International\/wp-json\/wp\/v2\/posts\/83575\/revisions"}],"wp:featuredmedia":[{"embeddable":true,"href":"https:\/\/linitiative.ca\/International\/wp-json\/"}],"wp:attachment":[{"href":"https:\/\/linitiative.ca\/International\/wp-json\/wp\/v2\/media?parent=83575"}],"wp:term":[{"taxonomy":"category","embeddable":true,"href":"https:\/\/linitiative.ca\/International\/wp-json\/wp\/v2\/categories?post=83575"},{"taxonomy":"post_tag","embeddable":true,"href":"https:\/\/linitiative.ca\/International\/wp-json\/wp\/v2\/tags?post=83575"}],"curies":[{"name":"wp","href":"https:\/\/api.w.org\/{rel}","templated":true}]}}