{"id":83579,"date":"2020-04-27T15:12:21","date_gmt":"2020-04-27T19:12:21","guid":{"rendered":"https:\/\/linitiative.ca\/International\/divers-moque-sur-les-reseaux-sociaux-ribery-pret-a-attaquer-karine-lemarchand-en-justice\/"},"modified":"2020-04-27T15:12:21","modified_gmt":"2020-04-27T19:12:21","slug":"divers-moque-sur-les-reseaux-sociaux-ribery-pret-a-attaquer-karine-lemarchand-en-justice","status":"publish","type":"post","link":"https:\/\/linitiative.ca\/International\/divers-moque-sur-les-reseaux-sociaux-ribery-pret-a-attaquer-karine-lemarchand-en-justice\/","title":{"rendered":"Divers : Moqu\u00e9 sur les r\u00e9seaux sociaux, Rib\u00e9ry pr\u00eat \u00e0 attaquer Karine Lemarchand en justice"},"content":{"rendered":"<div readability=\"32\">\n<p>Auteur : <span class=\"time\">lundi 27 avril 2020 19:30<\/span><\/p>\n<\/div>\n<div id=\"post_core\" readability=\"53\">\n<p>Afin de conseiller ses fans sur Twitter, Karine Lemarchand avait publi\u00e9 une photo de l\u2019attaquant de la Fiorentina, connu pour ses fautes de fran\u00e7ais, avec le message suivant\u00a0: \u00ab\u00a0Pour le sauvement de la nation du pays\u2026 Restons confits.\u00a0\u00bb Sans surprise, la moquerie n\u2019a pas plu au principal int\u00e9ress\u00e9 qui compte porter plainte pour \u00ab\u00a0injure publique\u00a0\u00bb.<\/p>\n<p>\u00ab\u00a0Pr\u00eater de tels propos \u00e0 M. Franck Rib\u00e9ry est inadmissible en ce qu\u2019ils tendent \u00e0 le rabaisser et \u00e0 inciter les utilisateurs du r\u00e9seau social \u00e0 se montrer m\u00e9prisant \u00e0 son endroit, a \u00e9crit l\u2019avocat de Rib\u00e9ry \u00e0 la pr\u00e9sentatrice de M6, dans un courrier relay\u00e9 par RMC. Alors que vous \u00eates vous-m\u00eame une personnalit\u00e9 publique affect\u00e9e par les critiques gratuites et faciles qui peuvent prosp\u00e9rer sur les r\u00e9seaux sociaux, votre comportement est d\u2019autant plus incompr\u00e9hensible.\u00a0\u00bb Des propos relay\u00e9s par Maxifoot.<\/p>\n<p>Vex\u00e9, le joueur n\u2019exclut pas de \u00ab\u00a0trouver une issue sur un terrain autre que judiciaire\u00a0\u00bb pour privil\u00e9gier la \u00ab\u00a0la bienveillance et la solidarit\u00e9 entre les individus, plut\u00f4t que la judiciarisation de conflits sur fond de m\u00e9diatisation.\u00a0\u00bb<\/p>\n<p><strong>Publi\u00e9 dans :<\/strong> <span>rib\u00e9ry<\/span><\/p>\n<\/div>\n<p>Auteur:<br \/>\n<a href=\"http:\/\/www.lebuteur.com\/article\/detail?titre=moque-sur-les-reseaux-sociaux-ribery-pret-a-attaquer-karine-lemarchand-en-justice&#038;id=95753&#038;utm_source=feedburner&#038;utm_medium=feed&#038;utm_campaign=Feed%3A+GalerieFArtciles+%28Les+derniers+articles++-+lebuteur.com%29\">Cliquez ici pour lire l&rsquo;article depuis sa source.<\/a><\/p>\n","protected":false},"excerpt":{"rendered":"<p>Auteur : lundi 27 avril 2020 19:30 Afin de conseiller ses fans sur Twitter, Karine Lemarchand avait publi\u00e9 une photo de l\u2019attaquant de la Fiorentina, connu pour ses fautes de fran\u00e7ais, avec le message suivant\u00a0: \u00ab\u00a0Pour le sauvement de la nation du pays\u2026 Restons confits.\u00a0\u00bb Sans surprise, la moquerie n\u2019a pas plu au principal int\u00e9ress\u00e9 [&hellip;]<\/p>\n","protected":false},"author":1738,"featured_media":83580,"comment_status":"closed","ping_status":"closed","sticky":false,"template":"","format":"standard","meta":{"fifu_image_url":"","fifu_image_alt":"","footnotes":""},"categories":[53,75],"tags":[],"class_list":["post-83579","post","type-post","status-publish","format-standard","has-post-thumbnail","hentry","category-algerie","category-sport"],"_links":{"self":[{"href":"https:\/\/linitiative.ca\/International\/wp-json\/wp\/v2\/posts\/83579","targetHints":{"allow":["GET"]}}],"collection":[{"href":"https:\/\/linitiative.ca\/International\/wp-json\/wp\/v2\/posts"}],"about":[{"href":"https:\/\/linitiative.ca\/International\/wp-json\/wp\/v2\/types\/post"}],"author":[{"embeddable":true,"href":"https:\/\/linitiative.ca\/International\/wp-json\/wp\/v2\/users\/1738"}],"replies":[{"embeddable":true,"href":"https:\/\/linitiative.ca\/International\/wp-json\/wp\/v2\/comments?post=83579"}],"version-history":[{"count":0,"href":"https:\/\/linitiative.ca\/International\/wp-json\/wp\/v2\/posts\/83579\/revisions"}],"wp:featuredmedia":[{"embeddable":true,"href":"https:\/\/linitiative.ca\/International\/wp-json\/"}],"wp:attachment":[{"href":"https:\/\/linitiative.ca\/International\/wp-json\/wp\/v2\/media?parent=83579"}],"wp:term":[{"taxonomy":"category","embeddable":true,"href":"https:\/\/linitiative.ca\/International\/wp-json\/wp\/v2\/categories?post=83579"},{"taxonomy":"post_tag","embeddable":true,"href":"https:\/\/linitiative.ca\/International\/wp-json\/wp\/v2\/tags?post=83579"}],"curies":[{"name":"wp","href":"https:\/\/api.w.org\/{rel}","templated":true}]}}