{"id":83584,"date":"2020-04-27T15:16:41","date_gmt":"2020-04-27T19:16:41","guid":{"rendered":"https:\/\/linitiative.ca\/International\/comite-scientifique-de-suivi-135-nouveaux-cas-7-deces-et-1-558-guerisons\/"},"modified":"2020-04-27T15:16:41","modified_gmt":"2020-04-27T19:16:41","slug":"comite-scientifique-de-suivi-135-nouveaux-cas-7-deces-et-1-558-guerisons","status":"publish","type":"post","link":"https:\/\/linitiative.ca\/International\/comite-scientifique-de-suivi-135-nouveaux-cas-7-deces-et-1-558-guerisons\/","title":{"rendered":"Comit\u00e9 scientifique  de suivi  : 135 nouveaux cas,  7 d\u00e9c\u00e8s  et 1.558 gu\u00e9risons"},"content":{"rendered":"<p>Cent-trente-cinq (135) nouveaux cas confirm\u00e9s de coronavirus (Covid-19) et sept (7) nouveaux d\u00e9c\u00e8s ont \u00e9t\u00e9 enregistr\u00e9s lors des derni\u00e8res 24 heures en Alg\u00e9rie, portant ainsi le nombre de cas confirm\u00e9s \u00e0 3.517 et celui des d\u00e9c\u00e8s \u00e0 432, a indiqu\u00e9 hier le porte-parole du Comit\u00e9 scientifique de suivi de l&rsquo;\u00e9volution de la pand\u00e9mie de coronavirus, Djamel Fourar. Les sept d\u00e9c\u00e8s ont \u00e9t\u00e9 enregistr\u00e9s \u00e0 Blida (3), Alger (2), Boumerd\u00e8s (1) et S\u00e9tif (1), a pr\u00e9cis\u00e9 M. Fourar lors du point de presse quotidien consacr\u00e9 \u00e0 l&rsquo;\u00e9volution de la pand\u00e9mie, ajoutant que le nombre des cas confirm\u00e9s est r\u00e9parti sur 47 wilayas, alors que le nombre des personnes gu\u00e9ries a atteint 1.558, dont 50 durant les derni\u00e8res 24 heures.\u00a0 Selon le m\u00eame responsable, les personnes \u00e2g\u00e9es entre 25 et 60 ans repr\u00e9sentent 55% de l&rsquo;ensemble des cas confirm\u00e9s de coronavirus, alors que 65% des cas de d\u00e9c\u00e8s concernent les personnes \u00e2g\u00e9es de 65 ans et plus. En outre, 17 wilayas n&rsquo;ont recens\u00e9 aucun nouveau cas hier, tandis que 14 wilayas ont enregistr\u00e9 entre 1 et 3 cas, et 16 autres ont enregistr\u00e9 plus de 4 cas, a-t-il ajout\u00e9, relevant que les wilayas de Blida, Constantine, S\u00e9tif et Tlemcen sont celles ayant enregistr\u00e9 le plus de cas durant les derni\u00e8res 24 heures.<\/p>\n<p>Auteur: elmoudjahid<br \/>\n<a href=\"http:\/\/www.elmoudjahid.com\/fr\/actualites\/152341\">Cliquez ici pour lire l&rsquo;article depuis sa source.<\/a><\/p>\n","protected":false},"excerpt":{"rendered":"<p>Cent-trente-cinq (135) nouveaux cas confirm\u00e9s de coronavirus (Covid-19) et sept (7) nouveaux d\u00e9c\u00e8s ont \u00e9t\u00e9 enregistr\u00e9s lors des derni\u00e8res 24 heures en Alg\u00e9rie, portant ainsi le nombre de cas confirm\u00e9s \u00e0 3.517 et celui des d\u00e9c\u00e8s \u00e0 432, a indiqu\u00e9 hier le porte-parole du Comit\u00e9 scientifique de suivi de l&rsquo;\u00e9volution de la pand\u00e9mie de coronavirus, [&hellip;]<\/p>\n","protected":false},"author":1744,"featured_media":0,"comment_status":"closed","ping_status":"closed","sticky":false,"template":"","format":"standard","meta":{"fifu_image_url":"","fifu_image_alt":"","footnotes":""},"categories":[73,53],"tags":[],"class_list":["post-83584","post","type-post","status-publish","format-standard","hentry","category-actualite","category-algerie"],"_links":{"self":[{"href":"https:\/\/linitiative.ca\/International\/wp-json\/wp\/v2\/posts\/83584","targetHints":{"allow":["GET"]}}],"collection":[{"href":"https:\/\/linitiative.ca\/International\/wp-json\/wp\/v2\/posts"}],"about":[{"href":"https:\/\/linitiative.ca\/International\/wp-json\/wp\/v2\/types\/post"}],"author":[{"embeddable":true,"href":"https:\/\/linitiative.ca\/International\/wp-json\/wp\/v2\/users\/1744"}],"replies":[{"embeddable":true,"href":"https:\/\/linitiative.ca\/International\/wp-json\/wp\/v2\/comments?post=83584"}],"version-history":[{"count":0,"href":"https:\/\/linitiative.ca\/International\/wp-json\/wp\/v2\/posts\/83584\/revisions"}],"wp:attachment":[{"href":"https:\/\/linitiative.ca\/International\/wp-json\/wp\/v2\/media?parent=83584"}],"wp:term":[{"taxonomy":"category","embeddable":true,"href":"https:\/\/linitiative.ca\/International\/wp-json\/wp\/v2\/categories?post=83584"},{"taxonomy":"post_tag","embeddable":true,"href":"https:\/\/linitiative.ca\/International\/wp-json\/wp\/v2\/tags?post=83584"}],"curies":[{"name":"wp","href":"https:\/\/api.w.org\/{rel}","templated":true}]}}