{"id":83585,"date":"2020-04-27T15:16:44","date_gmt":"2020-04-27T19:16:44","guid":{"rendered":"https:\/\/linitiative.ca\/International\/dispositif-de-confinement-prolongement-jusquau-14-mai-prochain\/"},"modified":"2020-04-27T15:16:44","modified_gmt":"2020-04-27T19:16:44","slug":"dispositif-de-confinement-prolongement-jusquau-14-mai-prochain","status":"publish","type":"post","link":"https:\/\/linitiative.ca\/International\/dispositif-de-confinement-prolongement-jusquau-14-mai-prochain\/","title":{"rendered":"Dispositif de confinement : Prolongement jusqu\u2019au 14 mai prochain"},"content":{"rendered":"<p>Le dispositif actuel de confinement d\u00e9cid\u00e9 dans\u00a0 le cadre de la lutte contre le Coronavirus (Covid-19) a \u00e9t\u00e9 prolong\u00e9\u00a0 jusqu&rsquo;au 14 mai prochain au m\u00eame titre que l&rsquo;ensemble des mesures qui\u00a0 l&rsquo;accompagnent, a indiqu\u00e9 hier un communiqu\u00e9 des services du Premier\u00a0 ministre. \u00ab\u00a0Suite \u00e0 la concertation r\u00e9guli\u00e8re avec le comit\u00e9 scientifique et\u00a0 l\u2019autorit\u00e9 sanitaire sur l\u2019\u00e9volution de l\u2019\u00e9pid\u00e9mie du Covid-19, le Premier\u00a0 ministre, Monsieur Abdelaziz DJERAD, apr\u00e8s accord de Monsieur le Pr\u00e9sident de la R\u00e9publique, Chef supr\u00eame des Forces arm\u00e9es, ministre de la D\u00e9fense nationale, a reconduit pour une p\u00e9riode suppl\u00e9mentaire de quinze (15) jours, \u00e0 savoir du 30 avril au 14 mai 2020, le dispositif actuel du confinement ainsi que l\u2019ensemble des mesures pr\u00e9ventives qui l\u2019accompagnent\u00a0\u00bb, pr\u00e9cise le communiqu\u00e9. A cette occasion, le Gouvernement \u00ab\u00a0conscient des efforts suppl\u00e9mentaires que chacun doit fournir, r\u00e9it\u00e8re ses appels aux citoyens \u00e0 demeurer conscient des enjeux et des d\u00e9fis sanitaires, \u00e9conomiques et sociaux du Covid-19 et de continuer \u00e0 observer en toute conscience et avec rigueur, les\u00a0 mesures d\u2019hygi\u00e8ne, de distanciation sociale et de protection, qui\u00a0 demeurent les seules r\u00e9ponses actuelles pour l\u2019endiguement de cette\u00a0 \u00e9pid\u00e9mie\u00a0\u00bb, ajoute-t-il.<br \/>Par ailleurs, le gouvernement rappelle \u00ab\u00a0les risques encourus par ceux qui ne respectent pas les mesures pr\u00e9ventives \u00e9dict\u00e9es et r\u00e9it\u00e8re la n\u00e9cessit\u00e9 pour les citoyens et les commer\u00e7ants d\u2019\u00eatre vigilants et responsables pour permettre \u00e0 notre pays de conduire efficacement le processus de lutte contre le Covid-19\u00a0\u00bb.<br \/>\u00a0<\/p>\n<p>Auteur: elmoudjahid<br \/>\n<a href=\"http:\/\/www.elmoudjahid.com\/fr\/actualites\/152342\">Cliquez ici pour lire l&rsquo;article depuis sa source.<\/a><\/p>\n","protected":false},"excerpt":{"rendered":"<p>Le dispositif actuel de confinement d\u00e9cid\u00e9 dans\u00a0 le cadre de la lutte contre le Coronavirus (Covid-19) a \u00e9t\u00e9 prolong\u00e9\u00a0 jusqu&rsquo;au 14 mai prochain au m\u00eame titre que l&rsquo;ensemble des mesures qui\u00a0 l&rsquo;accompagnent, a indiqu\u00e9 hier un communiqu\u00e9 des services du Premier\u00a0 ministre. \u00ab\u00a0Suite \u00e0 la concertation r\u00e9guli\u00e8re avec le comit\u00e9 scientifique et\u00a0 l\u2019autorit\u00e9 sanitaire sur [&hellip;]<\/p>\n","protected":false},"author":1744,"featured_media":0,"comment_status":"closed","ping_status":"closed","sticky":false,"template":"","format":"standard","meta":{"fifu_image_url":"","fifu_image_alt":"","footnotes":""},"categories":[73,53],"tags":[],"class_list":["post-83585","post","type-post","status-publish","format-standard","hentry","category-actualite","category-algerie"],"_links":{"self":[{"href":"https:\/\/linitiative.ca\/International\/wp-json\/wp\/v2\/posts\/83585","targetHints":{"allow":["GET"]}}],"collection":[{"href":"https:\/\/linitiative.ca\/International\/wp-json\/wp\/v2\/posts"}],"about":[{"href":"https:\/\/linitiative.ca\/International\/wp-json\/wp\/v2\/types\/post"}],"author":[{"embeddable":true,"href":"https:\/\/linitiative.ca\/International\/wp-json\/wp\/v2\/users\/1744"}],"replies":[{"embeddable":true,"href":"https:\/\/linitiative.ca\/International\/wp-json\/wp\/v2\/comments?post=83585"}],"version-history":[{"count":0,"href":"https:\/\/linitiative.ca\/International\/wp-json\/wp\/v2\/posts\/83585\/revisions"}],"wp:attachment":[{"href":"https:\/\/linitiative.ca\/International\/wp-json\/wp\/v2\/media?parent=83585"}],"wp:term":[{"taxonomy":"category","embeddable":true,"href":"https:\/\/linitiative.ca\/International\/wp-json\/wp\/v2\/categories?post=83585"},{"taxonomy":"post_tag","embeddable":true,"href":"https:\/\/linitiative.ca\/International\/wp-json\/wp\/v2\/tags?post=83585"}],"curies":[{"name":"wp","href":"https:\/\/api.w.org\/{rel}","templated":true}]}}