{"id":83591,"date":"2020-04-27T12:40:00","date_gmt":"2020-04-27T16:40:00","guid":{"rendered":"https:\/\/linitiative.ca\/International\/abderrahmane-benkhalfa-designe-membre-du-groupe-denvoyes-speciaux-de-lua\/"},"modified":"2020-04-27T12:40:00","modified_gmt":"2020-04-27T16:40:00","slug":"abderrahmane-benkhalfa-designe-membre-du-groupe-denvoyes-speciaux-de-lua","status":"publish","type":"post","link":"https:\/\/linitiative.ca\/International\/abderrahmane-benkhalfa-designe-membre-du-groupe-denvoyes-speciaux-de-lua\/","title":{"rendered":"Abderrahmane Benkhalfa d\u00e9sign\u00e9 membre du groupe d&rsquo;envoy\u00e9s sp\u00e9ciaux de l&rsquo;UA"},"content":{"rendered":"<p><br id=\"sep_para_1\" class=\"sep_para access\"\/><\/p>\n<div id=\"para_1\" class=\"para_36684473 resize\">\n<div class=\"texte access firstletter\">L&rsquo;ancien ministre alg\u00e9rien des Finances , Abderrahmane Benkhalfa a \u00e9t\u00e9 d\u00e9sign\u00e9 par l&rsquo;union africaine (UA) membre du groupe des envoy\u00e9s sp\u00e9ciaux, charg\u00e9s de mobiliser le soutien \u00e9conomique et financier international au profit du continent dans sa lutte contre le coronavirus, a annonc\u00e9 dimanche l&rsquo;ambassade d&rsquo;Alg\u00e9rie \u00e0 Addis Abeba (\u00c9thiopie). L&rsquo;expert financier alg\u00e9rien \u00ab\u00a0s&rsquo;appuiera sur sa vaste exp\u00e9rience et son r\u00e9seau au sein de la communaut\u00e9 financi\u00e8re internationale pour participer au renforcement de l&rsquo;aide financi\u00e8re continentale face aux d\u00e9fis pos\u00e9s par la lutte contre le Covid-19 en Afrique\u00a0\u00bb, souligne la m\u00eame source. Rappelons que concernant l&rsquo;apr\u00e8s-coronavirus,\u00a0 l\u2019ancien ministre avait affirm\u00e9 que hormis l&rsquo;urgence de traiter les dossiers qui sont arriv\u00e9s suffisamment finalis\u00e9s, comme le font les pays qui en ont les moyens, il faut que le rythme de reprise soit accompagn\u00e9 d&rsquo;une productivit\u00e9 deux fois plus grande, c&rsquo;est ce qu&rsquo;on appelle le rattrapage. Il dira, par ailleurs, qu\u2019il faut dans cette situation minimiser au maximum les cong\u00e9s annuels, car on ne peut se permettre cette disposition si le confinement se poursuit jusqu&rsquo; au mois de mai, voire le moment de prendre 3 mois de vacances, ce qui pourrait ne mener vers une r\u00e9cession et un taux de croissance de l&rsquo;ordre de 1% au mois de novembre. Cependant, a-t-il ajout\u00e9, il est important de maintenir la consommation, ceci \u00e9tant, il faut dire que nos avons \u00e9t\u00e9 contraints de r\u00e9duire drastiquement nos importations, ce qui a provoqu\u00e9 un d\u00e9but d&rsquo;\u00e9tincelle en mati\u00e8re d&rsquo;offre de production locale, qu&rsquo;il faut absolument maintenir, comme si le coronavirus allait durer des ann\u00e9es. Cet accommodement doit se poursuivre aussi bien au niveau des consommateurs, des entreprises que des autorit\u00e9s. Il ne faut pas que d\u00e8s la fin du confinement, nous multiplions par deux nos importations.<\/div>\n<\/div>\n<p>Auteur: R\u00e9flexion<br \/>\n<a href=\"https:\/\/www.reflexiondz.net\/Abderrahmane-Benkhalfa-designe-membre-du-groupe-d-envoyes-speciaux-de-l-UA_a62315.html\">Cliquez ici pour lire l&rsquo;article depuis sa source.<\/a><\/p>\n","protected":false},"excerpt":{"rendered":"<p>L&rsquo;ancien ministre alg\u00e9rien des Finances , Abderrahmane Benkhalfa a \u00e9t\u00e9 d\u00e9sign\u00e9 par l&rsquo;union africaine (UA) membre du groupe des envoy\u00e9s sp\u00e9ciaux, charg\u00e9s de mobiliser le soutien \u00e9conomique et financier international au profit du continent dans sa lutte contre le coronavirus, a annonc\u00e9 dimanche l&rsquo;ambassade d&rsquo;Alg\u00e9rie \u00e0 Addis Abeba (\u00c9thiopie). L&rsquo;expert financier alg\u00e9rien \u00ab\u00a0s&rsquo;appuiera sur sa [&hellip;]<\/p>\n","protected":false},"author":1740,"featured_media":0,"comment_status":"closed","ping_status":"closed","sticky":false,"template":"","format":"standard","meta":{"fifu_image_url":"","fifu_image_alt":"","footnotes":""},"categories":[53,76],"tags":[],"class_list":["post-83591","post","type-post","status-publish","format-standard","hentry","category-algerie","category-regions"],"_links":{"self":[{"href":"https:\/\/linitiative.ca\/International\/wp-json\/wp\/v2\/posts\/83591","targetHints":{"allow":["GET"]}}],"collection":[{"href":"https:\/\/linitiative.ca\/International\/wp-json\/wp\/v2\/posts"}],"about":[{"href":"https:\/\/linitiative.ca\/International\/wp-json\/wp\/v2\/types\/post"}],"author":[{"embeddable":true,"href":"https:\/\/linitiative.ca\/International\/wp-json\/wp\/v2\/users\/1740"}],"replies":[{"embeddable":true,"href":"https:\/\/linitiative.ca\/International\/wp-json\/wp\/v2\/comments?post=83591"}],"version-history":[{"count":0,"href":"https:\/\/linitiative.ca\/International\/wp-json\/wp\/v2\/posts\/83591\/revisions"}],"wp:attachment":[{"href":"https:\/\/linitiative.ca\/International\/wp-json\/wp\/v2\/media?parent=83591"}],"wp:term":[{"taxonomy":"category","embeddable":true,"href":"https:\/\/linitiative.ca\/International\/wp-json\/wp\/v2\/categories?post=83591"},{"taxonomy":"post_tag","embeddable":true,"href":"https:\/\/linitiative.ca\/International\/wp-json\/wp\/v2\/tags?post=83591"}],"curies":[{"name":"wp","href":"https:\/\/api.w.org\/{rel}","templated":true}]}}