{"id":83594,"date":"2020-04-27T13:42:33","date_gmt":"2020-04-27T17:42:33","guid":{"rendered":"https:\/\/linitiative.ca\/International\/le-p-dg-de-sider-el-hadjar-limoge\/"},"modified":"2020-04-27T13:42:33","modified_gmt":"2020-04-27T17:42:33","slug":"le-p-dg-de-sider-el-hadjar-limoge","status":"publish","type":"post","link":"https:\/\/linitiative.ca\/International\/le-p-dg-de-sider-el-hadjar-limoge\/","title":{"rendered":"Le P.-DG de Sider El-Hadjar limog\u00e9"},"content":{"rendered":"<p>Maatallah Chems-Eddine, Pr\u00e9sident directeur-g\u00e9n\u00e9ral de Sider El-Hadjar a \u00e9t\u00e9 d\u00e9mis, ce lundi, de ses fonctions par le minist\u00e8re de tutelle et remplac\u00e9 par Redha Belhadj, un haut cadre du complexe sid\u00e9rurgique.<br \/>M.\u00a0Belhadj qui avait dirig\u00e9 durant plusieurs ann\u00e9es les trois laminoirs du complexe sid\u00e9rurgique d\u2019El-Hadjar a \u00e9t\u00e9 convoqu\u00e9 dimanche \u00e0 Alger o\u00f9 il a \u00e9t\u00e9 install\u00e9 dans ses nouvelles fonctions en qualit\u00e9 de Pr\u00e9sident directeur g\u00e9n\u00e9ral de Sider El-Hadjar.<br \/>Selon des sources sures au sein du complexe sid\u00e9rurgique, Maatallah Chems-Eddine, a \u00e9t\u00e9 limog\u00e9 pour cause de d\u00e9ficit budg\u00e9taire caract\u00e9ris\u00e9e par une mauvaise gestion et des d\u00e9cisions prises \u00e0 l\u2019encontre des travailleurs sans consultations de la tutelle. Plusieurs commandes d\u2019acier effectu\u00e9es par des pays europ\u00e9ens \u00e0 partir du complexe sid\u00e9rurgique d\u2019El-Hadjar ont \u00e9t\u00e9 refoul\u00e9es, pour non-conformit\u00e9, par leurs destinataires.<br \/>Encore, la derni\u00e8re d\u00e9cision de Maatallah Chems-Eddine de placer plus de 4000 sid\u00e9rurgistes en cong\u00e9 annuel au lieu de cong\u00e9 exceptionnel conform\u00e9ment\u00a0aux dispositions contenues dans le d\u00e9cret 20-69 du 21 mars 2020 relatif aux mesures de protection et de lutte contre le coronavirus, a \u00e9t\u00e9 vraisemblablement l\u2019action qui a pr\u00e9cipit\u00e9 son d\u00e9part.<br \/>Les syndicats du complexe avaient saisi la tutelle qui avait jug\u00e9 de l\u2019invalid\u00e9 de la d\u00e9cision de la direction g\u00e9n\u00e9rale.\u00a0<\/p>\n<p>Auteur: Boudjedri<br \/>\n<a href=\"http:\/\/www.jeune-independant.net\/Le-P-DG-de-Sider-El-Hadjar-limoge.html\">Cliquez ici pour lire l&rsquo;article depuis sa source.<\/a><\/p>\n","protected":false},"excerpt":{"rendered":"<p>Maatallah Chems-Eddine, Pr\u00e9sident directeur-g\u00e9n\u00e9ral de Sider El-Hadjar a \u00e9t\u00e9 d\u00e9mis, ce lundi, de ses fonctions par le minist\u00e8re de tutelle et remplac\u00e9 par Redha Belhadj, un haut cadre du complexe sid\u00e9rurgique.M.\u00a0Belhadj qui avait dirig\u00e9 durant plusieurs ann\u00e9es les trois laminoirs du complexe sid\u00e9rurgique d\u2019El-Hadjar a \u00e9t\u00e9 convoqu\u00e9 dimanche \u00e0 Alger o\u00f9 il a \u00e9t\u00e9 install\u00e9 [&hellip;]<\/p>\n","protected":false},"author":1737,"featured_media":0,"comment_status":"closed","ping_status":"closed","sticky":false,"template":"","format":"standard","meta":{"fifu_image_url":"","fifu_image_alt":"","footnotes":""},"categories":[73,53],"tags":[],"class_list":["post-83594","post","type-post","status-publish","format-standard","hentry","category-actualite","category-algerie"],"_links":{"self":[{"href":"https:\/\/linitiative.ca\/International\/wp-json\/wp\/v2\/posts\/83594","targetHints":{"allow":["GET"]}}],"collection":[{"href":"https:\/\/linitiative.ca\/International\/wp-json\/wp\/v2\/posts"}],"about":[{"href":"https:\/\/linitiative.ca\/International\/wp-json\/wp\/v2\/types\/post"}],"author":[{"embeddable":true,"href":"https:\/\/linitiative.ca\/International\/wp-json\/wp\/v2\/users\/1737"}],"replies":[{"embeddable":true,"href":"https:\/\/linitiative.ca\/International\/wp-json\/wp\/v2\/comments?post=83594"}],"version-history":[{"count":0,"href":"https:\/\/linitiative.ca\/International\/wp-json\/wp\/v2\/posts\/83594\/revisions"}],"wp:attachment":[{"href":"https:\/\/linitiative.ca\/International\/wp-json\/wp\/v2\/media?parent=83594"}],"wp:term":[{"taxonomy":"category","embeddable":true,"href":"https:\/\/linitiative.ca\/International\/wp-json\/wp\/v2\/categories?post=83594"},{"taxonomy":"post_tag","embeddable":true,"href":"https:\/\/linitiative.ca\/International\/wp-json\/wp\/v2\/tags?post=83594"}],"curies":[{"name":"wp","href":"https:\/\/api.w.org\/{rel}","templated":true}]}}