{"id":83609,"date":"2020-04-27T16:56:34","date_gmt":"2020-04-27T20:56:34","guid":{"rendered":"https:\/\/linitiative.ca\/International\/coronavirus-les-journalistes-desormais-exemptes-de-linterdiction-de-deplacement-nocturne\/"},"modified":"2020-04-27T16:56:34","modified_gmt":"2020-04-27T20:56:34","slug":"coronavirus-les-journalistes-desormais-exemptes-de-linterdiction-de-deplacement-nocturne","status":"publish","type":"post","link":"https:\/\/linitiative.ca\/International\/coronavirus-les-journalistes-desormais-exemptes-de-linterdiction-de-deplacement-nocturne\/","title":{"rendered":"Coronavirus : les  journalistes d\u00e9sormais exempt\u00e9s de l\u2019interdiction de d\u00e9placement nocturne"},"content":{"rendered":"<p><strong>Les \u00a0journalistes, munis de la carte de presse d\u00e9livr\u00e9e par le Conseil national de la presse, sont d\u00e9sormais exempt\u00e9s de l\u2019interdiction de d\u00e9placement nocturne durant l\u2019\u00e9tat d\u2019urgence sanitaire.<\/strong><\/p>\n<div class=\"c10\"\/>\n<p>Ayant r\u00e9cemment demand\u00e9 au minist\u00e8re de l\u2019Int\u00e9rieur de revoir la d\u00e9cision relative aux cas exempt\u00e9s de l\u2019<strong>interdiction de d\u00e9placement<\/strong> nocturne durant l\u2019\u00e9tat d\u2019urgence sanitaire, pour y inclure les journalistes titulaires de la carte de presse, le Conseil national de la presse a obtenu gain de cause.<\/p>\n<p>Ainsi, le minist\u00e8re de l\u2019Int\u00e9rieur a d\u00e9cid\u00e9 d\u2019exempter tous les journalistes, titulaires de la <strong>carte de presse<\/strong> d\u00e9livr\u00e9e par le conseil national de la presse, de la d\u00e9cision de l\u2019interdiction de d\u00e9placement nocturne, pour qu\u2019ils puissent accomplir leurs obligations professionnelles.<\/p>\n<p>Lire aussi: <a href=\"https:\/\/www.challenge.ma\/deconfinement-mohamed-benchaaboun-livre-des-details-sur-la-strategie-138785\/\">D\u00e9confinement : Bencha\u00e2boun livre des d\u00e9tails sur la strat\u00e9gie<\/a><\/p>\n<p>Pour ce faire, la pr\u00e9sentation aux services sp\u00e9cialis\u00e9s au sein des Wilayas et pr\u00e9fectures, de la part de l\u2019entreprise, d\u2019une liste des journalistes qui vont travailler durant cette p\u00e9riode, accompagn\u00e9e de photocopies des cartes de presse est n\u00e9cessaire.<\/p>\n<p>Soulignons que le <strong>conseil national de la presse<\/strong> salue les efforts fournis par le corps m\u00e9diatique, que ce soit les \u00e9diteurs, journalistes et diff\u00e9rents employ\u00e9s du secteur, pour poursuivre l\u2019accomplissement de sa noble mission, malgr\u00e9 les circonstances difficiles dues \u00e0 l\u2019\u00e9tat d\u2019urgence sanitaire.<\/p>\n<div class=\"c17\">\n<fieldset class=\"c16\">\n<legend><strong><span class=\"c11\">Challenge<\/span><span class=\"c12\">news<\/span><\/strong><\/legend>\n<div class=\"c15\">Le meilleur de Challenge s\u00e9lectionn\u00e9 par la r\u00e9daction :<\/p>\n<\/div>\n<\/fieldset>\n<\/div>\n<p>Auteur: challenge<br \/>\n<a href=\"https:\/\/www.challenge.ma\/coronavirus-les-journalistes-desormais-exemptes-de-linterdiction-de-deplacement-nocturne-138792\/\">Cliquez ici pour lire l&rsquo;article depuis sa source.<\/a><\/p>\n","protected":false},"excerpt":{"rendered":"<p>Les \u00a0journalistes, munis de la carte de presse d\u00e9livr\u00e9e par le Conseil national de la presse, sont d\u00e9sormais exempt\u00e9s de l\u2019interdiction de d\u00e9placement nocturne durant l\u2019\u00e9tat d\u2019urgence sanitaire. Ayant r\u00e9cemment demand\u00e9 au minist\u00e8re de l\u2019Int\u00e9rieur de revoir la d\u00e9cision relative aux cas exempt\u00e9s de l\u2019interdiction de d\u00e9placement nocturne durant l\u2019\u00e9tat d\u2019urgence sanitaire, pour y inclure [&hellip;]<\/p>\n","protected":false},"author":1787,"featured_media":0,"comment_status":"closed","ping_status":"closed","sticky":false,"template":"","format":"standard","meta":{"fifu_image_url":"","fifu_image_alt":"","footnotes":""},"categories":[78,54],"tags":[],"class_list":["post-83609","post","type-post","status-publish","format-standard","hentry","category-economie","category-maroc"],"_links":{"self":[{"href":"https:\/\/linitiative.ca\/International\/wp-json\/wp\/v2\/posts\/83609","targetHints":{"allow":["GET"]}}],"collection":[{"href":"https:\/\/linitiative.ca\/International\/wp-json\/wp\/v2\/posts"}],"about":[{"href":"https:\/\/linitiative.ca\/International\/wp-json\/wp\/v2\/types\/post"}],"author":[{"embeddable":true,"href":"https:\/\/linitiative.ca\/International\/wp-json\/wp\/v2\/users\/1787"}],"replies":[{"embeddable":true,"href":"https:\/\/linitiative.ca\/International\/wp-json\/wp\/v2\/comments?post=83609"}],"version-history":[{"count":0,"href":"https:\/\/linitiative.ca\/International\/wp-json\/wp\/v2\/posts\/83609\/revisions"}],"wp:attachment":[{"href":"https:\/\/linitiative.ca\/International\/wp-json\/wp\/v2\/media?parent=83609"}],"wp:term":[{"taxonomy":"category","embeddable":true,"href":"https:\/\/linitiative.ca\/International\/wp-json\/wp\/v2\/categories?post=83609"},{"taxonomy":"post_tag","embeddable":true,"href":"https:\/\/linitiative.ca\/International\/wp-json\/wp\/v2\/tags?post=83609"}],"curies":[{"name":"wp","href":"https:\/\/api.w.org\/{rel}","templated":true}]}}