{"id":83612,"date":"2020-04-27T16:31:43","date_gmt":"2020-04-27T20:31:43","guid":{"rendered":"https:\/\/linitiative.ca\/International\/derniere-minute-haftar-annonce-son-retrait-de-laccord-sur-la-formation-du-gouvernement-libyen\/"},"modified":"2020-04-27T16:31:43","modified_gmt":"2020-04-27T20:31:43","slug":"derniere-minute-haftar-annonce-son-retrait-de-laccord-sur-la-formation-du-gouvernement-libyen","status":"publish","type":"post","link":"https:\/\/linitiative.ca\/International\/derniere-minute-haftar-annonce-son-retrait-de-laccord-sur-la-formation-du-gouvernement-libyen\/","title":{"rendered":"DERNIERE MINUTE\u00a0: Haftar annonce son retrait de l\u2019accord sur la formation du gouvernement libyen"},"content":{"rendered":"<div class=\"post-cont-in left relative\">\n<p>Khalifa <a href=\"https:\/\/www.tunisienumerique.com\/tunisie-actualite\/haftar\/\" title=\"Haftar\" target=\"_top\" class=\"auto-link\" rel=\"noopener noreferrer\">Haftar<\/a>, le mar\u00e9chal libyen, a annonc\u00e9 ce lundi 27 avril 2020 son retrait de l\u2019accord politique qui a conduit \u00e0 la formation du gouvernement libyen, proclamant que le pouvoir passait \u00e0 l\u2019arm\u00e9e. Son message t\u00e9l\u00e9vis\u00e9 a \u00e9t\u00e9 diffus\u00e9 par le bureau des m\u00e9dias des forces arm\u00e9es libyennes.<\/p>\n<div class=\"code-block code-block-1 c3\"><ins class=\"adsbygoogle c2\" data-ad-layout=\"in-article\" data-ad-format=\"fluid\" data-ad-client=\"ca-pub-2102118777505746\" data-ad-slot=\"7301775417\"\/> <\/div>\n<p>\u00abNous sommes fiers que les Libyens aient autoris\u00e9 le commandement g\u00e9n\u00e9ral \u00e0 mettre fin \u00e0 l\u2019accord politique dans ces circonstances exceptionnelles afin qu\u2019il fasse partie de l\u2019histoire\u00bb, a d\u00e9clar\u00e9 Haftar dans son message.<\/p>\n<p>Le 23 avril, Haftar avait appel\u00e9 ses concitoyens \u00e0 rejeter l\u2019accord politique conclu en 2015 \u00e0 Skhirat, dont le r\u00e9sultat avait \u00e9t\u00e9 la recherche de la formation d\u2019un gouvernement d\u2019union nationale.<\/p>\n<p><em>Source Sputnik<\/em><\/p>\n<div class=\"swp_social_panel swp_horizontal_panel swp_flat_fresh swp_default_full_color swp_individual_full_color swp_other_full_color scale-100 scale-\" data-min-width=\"1100\" data-float-color=\"#ffffff\" data-float=\"bottom\" data-float-mobile=\"bottom\" data-transition=\"slide\">\n<div class=\"nc_tweetContainer swp_share_button total_shares total_sharesalt\"><span class=\"swp_count\">20 <span class=\"swp_label\">Partages<\/span><\/span><\/div>\n<\/div>\n<p><strong>Que se passe-t-il en Tunisie?<\/strong><br \/>Nous expliquons sur notre <a href=\"https:\/\/www.youtube.com\/channel\/UCRzypVq0B_yBad5eGrwBx0Q?sub_confirmation=1\" target=\"_blank\" rel=\"noopener noreferrer\">cha\u00eene YouTube<\/a> . <a href=\"https:\/\/www.youtube.com\/channel\/UCRzypVq0B_yBad5eGrwBx0Q?sub_confirmation=1\" target=\"_blank\" rel=\"noopener noreferrer\">Abonnez-vous!<\/a><\/p>\n<div class=\"mvp-org-wrap mvp-org-logo\" itemprop=\"publisher\" itemscope=\"\" itemtype=\"https:\/\/schema.org\/Organization\"><img decoding=\"async\" src=\"https:\/\/www.tunisienumerique.com\/wp-content\/uploads\/2017\/02\/logo_tunisie_numerique.png\"\/><\/div>\n<div class=\"mvp-related-posts left relative\">\n<h4 class=\"post-header\"><span class=\"post-header\">Lire aussi<\/span><\/h4>\n<\/div>\n<div id=\"article-ad\"><ins class=\"adsbygoogle c4\" data-ad-client=\"ca-pub-2102118777505746\" data-ad-slot=\"6513972734\" data-ad-format=\"auto\" data-full-width-responsive=\"true\"\/> <\/div>\n<\/div>\n<div id=\"post-sidebar-wrap\"><ins class=\"adsbygoogle c4\" data-ad-client=\"ca-pub-2102118777505746\" data-ad-slot=\"6168283410\" data-ad-format=\"auto\" data-full-width-responsive=\"true\"\/> <\/div>\n<p>Auteur: balkis<br \/>\n<a href=\"https:\/\/www.tunisienumerique.com\/derniere-minute-haftar-annonce-son-retrait-de-laccord-sur-la-formation-du-gouvernement-libyen\/\">Cliquez ici pour lire l&rsquo;article depuis sa source.<\/a><\/p>\n","protected":false},"excerpt":{"rendered":"<p>Khalifa Haftar, le mar\u00e9chal libyen, a annonc\u00e9 ce lundi 27 avril 2020 son retrait de l\u2019accord politique qui a conduit \u00e0 la formation du gouvernement libyen, proclamant que le pouvoir passait \u00e0 l\u2019arm\u00e9e. Son message t\u00e9l\u00e9vis\u00e9 a \u00e9t\u00e9 diffus\u00e9 par le bureau des m\u00e9dias des forces arm\u00e9es libyennes. \u00abNous sommes fiers que les Libyens aient [&hellip;]<\/p>\n","protected":false},"author":1789,"featured_media":0,"comment_status":"closed","ping_status":"closed","sticky":false,"template":"","format":"standard","meta":{"fifu_image_url":"","fifu_image_alt":"","footnotes":""},"categories":[73,55],"tags":[],"class_list":["post-83612","post","type-post","status-publish","format-standard","hentry","category-actualite","category-tunisie"],"_links":{"self":[{"href":"https:\/\/linitiative.ca\/International\/wp-json\/wp\/v2\/posts\/83612","targetHints":{"allow":["GET"]}}],"collection":[{"href":"https:\/\/linitiative.ca\/International\/wp-json\/wp\/v2\/posts"}],"about":[{"href":"https:\/\/linitiative.ca\/International\/wp-json\/wp\/v2\/types\/post"}],"author":[{"embeddable":true,"href":"https:\/\/linitiative.ca\/International\/wp-json\/wp\/v2\/users\/1789"}],"replies":[{"embeddable":true,"href":"https:\/\/linitiative.ca\/International\/wp-json\/wp\/v2\/comments?post=83612"}],"version-history":[{"count":0,"href":"https:\/\/linitiative.ca\/International\/wp-json\/wp\/v2\/posts\/83612\/revisions"}],"wp:attachment":[{"href":"https:\/\/linitiative.ca\/International\/wp-json\/wp\/v2\/media?parent=83612"}],"wp:term":[{"taxonomy":"category","embeddable":true,"href":"https:\/\/linitiative.ca\/International\/wp-json\/wp\/v2\/categories?post=83612"},{"taxonomy":"post_tag","embeddable":true,"href":"https:\/\/linitiative.ca\/International\/wp-json\/wp\/v2\/tags?post=83612"}],"curies":[{"name":"wp","href":"https:\/\/api.w.org\/{rel}","templated":true}]}}