{"id":83615,"date":"2020-04-27T15:54:57","date_gmt":"2020-04-27T19:54:57","guid":{"rendered":"https:\/\/linitiative.ca\/International\/campagne-electorale-sur-fond-de-covid-19-au-burundi\/"},"modified":"2020-04-27T15:54:57","modified_gmt":"2020-04-27T19:54:57","slug":"campagne-electorale-sur-fond-de-covid-19-au-burundi","status":"publish","type":"post","link":"https:\/\/linitiative.ca\/International\/campagne-electorale-sur-fond-de-covid-19-au-burundi\/","title":{"rendered":"CAMPAGNE ELECTORALE SUR FOND DE COVID-19 AU BURUNDI"},"content":{"rendered":"<div class=\"stream-item stream-item-above-post-content\">\n<p><noscript><\/p>\n<p><a href=\"\/\/www3.smartadserver.com\/ac?jump=1&amp;nwid=2136&amp;siteid=240610&amp;pgname=rg&amp;fmtid=49046&amp;visit=m&amp;tmstp=[timestamp]&amp;out=nonrich\" target=\"_blank\" rel=\"noopener noreferrer\"><img decoding=\"async\" src=\"\/\/www3.smartadserver.com\/ac?out=nonrich&amp;nwid=2136&amp;siteid=240610&amp;pgname=rg&amp;fmtid=49046&amp;visit=m&amp;tmstp=[timestamp]\" border=\"0\" alt=\"\"\/><\/a><\/p>\n<p><\/noscript><\/div>\n<p class=\"c3\"><em>Le 20 mai prochain, aura lieu un triple scrutin au Burundi: communales, l\u00e9gislatives et pr\u00e9sidentielle. Le coup d\u2019envoi de la campagne pour ce grand rendez-vous \u00e9lectoral qui ouvre la succession du pr\u00e9sident Pierre Nkurunziza, a \u00e9t\u00e9 donn\u00e9 le 27 avril dernier. Pendant donc trois semaines, les candidats dont les dossiers ont \u00e9t\u00e9 retenus par les instances \u00e9lectorales \u00e0 la solde du ma\u00eetre de Bujumbura, iront \u00e0 la p\u00eache aux \u00e9lecteurs et ce, en d\u00e9pit de la pand\u00e9mie du Covid-19. Alors que l\u2019heure est au confinement et \u00e0 l\u2019interdiction des regroupements ou rassemblements dans la plupart des pays \u00e0 travers la plan\u00e8te, les autorit\u00e9s burundaises, elles, ont choisi d\u2019amener leurs compatriotes \u00e0 l\u2019abattoir. Cela est d\u2019autant plus vrai qu\u2019en d\u00e9pit des 15 cas confirm\u00e9s sur le sol burundais, aucune mesure restrictive n\u2019a \u00e9t\u00e9, en tout cas jusqu\u2019au moment o\u00f9 nous tracions ces lignes, annonc\u00e9e pour les meetings et r\u00e9unions politiques que bien des candidats entendent organiser en signe de d\u00e9monstration de force. Oh bonnes gens, si ce n\u2019est pas de l\u2019insouciance ou de l\u2019irresponsabilit\u00e9, dites-nous \u00e0 quoi cela peut-il ressembler\u00a0? Peut-\u00eatre qu\u2019en tant que pasteur \u00e9vang\u00e9liste, le pr\u00e9sident Nkurunziza compte sur le Saint Esprit pour parer \u00e0 toute \u00e9ventualit\u00e9 et prouver au reste du monde que le Burundi est un pays\u2026b\u00e9ni de Dieu. Or, il suffit de prendre l\u2019exemple de la Guin\u00e9e Conakry pour comprendre que c\u2019est un pari risqu\u00e9 que de vouloir organiser un triple scrutin dans un contexte de pand\u00e9mie qui fait des ravages.<\/em><\/p>\n<p class=\"c3\"><strong><em>Certains n\u2019h\u00e9sitent pas \u00e0 se demander finalement \u00e0 quoi serviront les prochaines \u00e9lections au Burundi\u00a0; tant il n\u2019y a ni enjeu ni suspense<\/em><\/strong><\/p>\n<p class=\"c3\"><em>A moins que, les hommes politiques ayant leurs raisons que le commun des mortels ignore, l\u2019intention qui anime les autorit\u00e9s burundaises ne soit de tenir ces \u00e9lections \u00e0 huis clos\u00a0; conscientes qu\u2019avec le Covid-19, les observateurs internationaux ne se bousculeront pas \u00e0 Bujumbura. Autrement dit, le pouvoir burundais donne l\u2019impression de vouloir baisser les rideaux derri\u00e8re lesquels il organisera ses \u00e9lections et fabriquera, \u00e0 l\u2019abri des cameras du monde entier, ses r\u00e9sultats. Dans ces conditions, inutile de dire que le dauphin de Nkurunziza passera haut la main. Surtout que la plupart des candidats s\u00e9rieux qui pouvaient lui tailler des croupi\u00e8res, ont \u00e9t\u00e9 recal\u00e9s pour des mobiles politiques. Le seul qui reste dans la course et qui pouvait lui faire contrepoids, est Agathon Rwasa du Conseil national pour la libert\u00e9 (CNL). Mais ce dernier, fort en f\u00e9lonie et connu pour ses revirements, est pr\u00e9sent\u00e9, \u00e0 tort ou \u00e0 raison, par certains, comme un candidat suscit\u00e9 par le pouvoir pour cr\u00e9dibiliser la victoire programm\u00e9e du dauphin du pasteur-pr\u00e9sident. Tant et si bien que certains n\u2019h\u00e9sitent pas \u00e0 se demander finalement \u00e0 quoi serviront les prochaines \u00e9lections au Burundi\u00a0; tant il n\u2019y a ni enjeu ni suspense. Tout au plus, consacreront- elles le d\u00e9part de Nkurunziza du pouvoir\u00a0; lui qui a r\u00e9ussi le tour de force de se tailler une retraite dor\u00e9e aux frais de la princesse et de se mettre \u00e0 l\u2019abri de toute poursuite judiciaire. Seulement, s\u2019il pouvait se faire oublier et ne pas tirer les ficelles, c\u2019en serait tout b\u00e9nef pour la d\u00e9mocratie qui a vraiment du chemin \u00e0 faire.<\/em><\/p>\n<p class=\"c3\"><strong><em>Boundi OUOBA<\/em><\/strong><\/p>\n<p>Auteur: Le Pays<br \/>\n<a href=\"http:\/\/lepays.bf\/campagne-electorale-sur-fond-de-covid-19-au-burundi\/\">Cliquez ici pour lire l&rsquo;article depuis sa source.<\/a><\/p>\n","protected":false},"excerpt":{"rendered":"<p>Le 20 mai prochain, aura lieu un triple scrutin au Burundi: communales, l\u00e9gislatives et pr\u00e9sidentielle. Le coup d\u2019envoi de la campagne pour ce grand rendez-vous \u00e9lectoral qui ouvre la succession du pr\u00e9sident Pierre Nkurunziza, a \u00e9t\u00e9 donn\u00e9 le 27 avril dernier. Pendant donc trois semaines, les candidats dont les dossiers ont \u00e9t\u00e9 retenus par les [&hellip;]<\/p>\n","protected":false},"author":1813,"featured_media":0,"comment_status":"closed","ping_status":"closed","sticky":false,"template":"","format":"standard","meta":{"fifu_image_url":"","fifu_image_alt":"","footnotes":""},"categories":[73,81],"tags":[],"class_list":["post-83615","post","type-post","status-publish","format-standard","hentry","category-actualite","category-burkina-faso"],"_links":{"self":[{"href":"https:\/\/linitiative.ca\/International\/wp-json\/wp\/v2\/posts\/83615","targetHints":{"allow":["GET"]}}],"collection":[{"href":"https:\/\/linitiative.ca\/International\/wp-json\/wp\/v2\/posts"}],"about":[{"href":"https:\/\/linitiative.ca\/International\/wp-json\/wp\/v2\/types\/post"}],"author":[{"embeddable":true,"href":"https:\/\/linitiative.ca\/International\/wp-json\/wp\/v2\/users\/1813"}],"replies":[{"embeddable":true,"href":"https:\/\/linitiative.ca\/International\/wp-json\/wp\/v2\/comments?post=83615"}],"version-history":[{"count":0,"href":"https:\/\/linitiative.ca\/International\/wp-json\/wp\/v2\/posts\/83615\/revisions"}],"wp:attachment":[{"href":"https:\/\/linitiative.ca\/International\/wp-json\/wp\/v2\/media?parent=83615"}],"wp:term":[{"taxonomy":"category","embeddable":true,"href":"https:\/\/linitiative.ca\/International\/wp-json\/wp\/v2\/categories?post=83615"},{"taxonomy":"post_tag","embeddable":true,"href":"https:\/\/linitiative.ca\/International\/wp-json\/wp\/v2\/tags?post=83615"}],"curies":[{"name":"wp","href":"https:\/\/api.w.org\/{rel}","templated":true}]}}