{"id":83617,"date":"2020-04-27T16:04:45","date_gmt":"2020-04-27T20:04:45","guid":{"rendered":"https:\/\/linitiative.ca\/International\/ouverture-du-proces-de-guillaume-soro-le-pouvoir-ivoirien-ne-lache-pas-prise\/"},"modified":"2020-04-27T16:04:45","modified_gmt":"2020-04-27T20:04:45","slug":"ouverture-du-proces-de-guillaume-soro-le-pouvoir-ivoirien-ne-lache-pas-prise","status":"publish","type":"post","link":"https:\/\/linitiative.ca\/International\/ouverture-du-proces-de-guillaume-soro-le-pouvoir-ivoirien-ne-lache-pas-prise\/","title":{"rendered":"OUVERTURE DU PROCES DE GUILLAUME SORO: Le pouvoir ivoirien ne l\u00e2che pas prise"},"content":{"rendered":"<div class=\"stream-item stream-item-above-post-content\">\n<p><noscript><\/p>\n<p><a href=\"\/\/www3.smartadserver.com\/ac?jump=1&amp;nwid=2136&amp;siteid=240610&amp;pgname=rg&amp;fmtid=49046&amp;visit=m&amp;tmstp=[timestamp]&amp;out=nonrich\" target=\"_blank\" rel=\"noopener noreferrer\"><img decoding=\"async\" src=\"\/\/www3.smartadserver.com\/ac?out=nonrich&amp;nwid=2136&amp;siteid=240610&amp;pgname=rg&amp;fmtid=49046&amp;visit=m&amp;tmstp=[timestamp]\" border=\"0\" alt=\"\"\/><\/a><\/p>\n<p><\/noscript><\/div>\n<p class=\"c3\">C\u2019est, en principe, aujourd\u2019hui, 28 avril 2020, que s\u2019ouvre en C\u00f4te d\u2019Ivoire, le proc\u00e8s de l\u2019ex-pr\u00e9sident de l\u2019Assembl\u00e9e nationale, Guillaume Soro, exil\u00e9 en France depuis son retour manqu\u00e9 au pays en d\u00e9cembre dernier. En rappel, l\u2019ex-chef de la r\u00e9bellion ivoirienne est poursuivi, entre autres, pour \u00ab\u00a0tentative d\u2019atteinte \u00e0 l\u2019autorit\u00e9 de l\u2019Etat, d\u00e9tournement de biens publics et blanchiment\u00a0de capitaux\u00bb. Des griefs qui lui ont valu, en d\u00e9cembre dernier, l\u2019\u00e9mission, par la Justice ivoirienne, d\u2019un mandat d\u2019arr\u00eat qui l\u2019attendait au retour d\u2019une tourn\u00e9e europ\u00e9enne au cours de laquelle il avait annonc\u00e9 sa candidature \u00e0 la pr\u00e9sidentielle d\u2019octobre prochain. Et l\u2019ouverture de ce proc\u00e8s intervient malgr\u00e9 l\u2019arr\u00eat rendu public, le 22 avril dernier, par la Cour africaine des droits de l\u2019Homme et des peuples qui ordonne la suspension dudit mandat d\u2019arr\u00eat et la mise en libert\u00e9 provisoire des proches de Soro incarc\u00e9r\u00e9s en C\u00f4te d\u2019Ivoire dans le cadre de la m\u00eame affaire.<\/p>\n<p class=\"c3\">Ce n\u2019est pas la premi\u00e8re fois qu\u2019un Etat-membre fait la sourde oreille face aux injonctions de la juridiction africaine<\/p>\n<p class=\"c3\">Le moins que l\u2019on puisse dire, c\u2019est que le pouvoir ivoirien ne l\u00e2che pas prise. Mieux, il semble m\u00eame d\u00e9cid\u00e9 \u00e0 mener l\u2019affaire jusqu\u2019au bout. Cela n\u2019est pas \u00e9tonnant. Car, ce n\u2019est pas la premi\u00e8re fois qu\u2019un Etat-membre fait la sourde oreille face aux injonctions de cette juridiction africaine qui, de par sa position supranationale, est cens\u00e9e s\u2019imposer aux Etats. En effet, avant la C\u00f4te d\u2019Ivoire, le S\u00e9n\u00e9gal et le Burkina Faso s\u2019\u00e9taient aussi montr\u00e9s quelque peu r\u00e9fractaires \u00e0 appliquer \u00e0 la lettre des d\u00e9cisions de la m\u00eame Cour. C\u2019est dire si l\u2019instrument judiciaire de l\u2019Union africaine( UA) bas\u00e9 \u00e0 Arusha en Tanzanie, a v\u00e9ritablement de la peine \u00e0 s\u2019imposer sur un continent o\u00f9 les motifs de lui faire recours sont pourtant loin de manquer. C\u2019est \u00e0 se demander m\u00eame si elle sert encore \u00e0 quelque chose si ses d\u00e9cisions doivent continuer \u00e0 rester sans effet coercitif pour certaines parties, notamment les Etats. Mais \u00e0 qui profite l\u2019 \u00ab\u00a0impuissance\u00a0\u00bb d\u2019une telle instance judiciaire dont l\u2019importance n\u2019est plus \u00e0 d\u00e9montrer\u00a0sur le continent noir o\u00f9 l\u2019ind\u00e9pendance de la Justice est souvent sujette \u00e0 caution ? Bien malin qui saurait r\u00e9pondre \u00e0 cette question. En attendant, tout porte \u00e0 croire que le pouvoir d\u2019Alassane Dramane Ouattara (ADO) est train de s\u2019engouffrer dans la br\u00e8che ouverte par ses devanciers. Autrement, si les d\u00e9cisions de la Cour africaine de justice avaient force, cette audience, \u00e0 en croire les avocats du d\u00e9put\u00e9 de Ferk\u00e9ss\u00e9dougou, ne devrait pas se tenir avant que ladite Cour ne se prononce sur le fond de l\u2019affaire. Mais en arguant du fait que ladite d\u00e9cision n\u2019emp\u00eache pas la tenue de l\u2019audience, le pouvoir d\u2019Abidjan n\u2019est pas loin d\u2019apporter de l\u2019eau au moulin des partisans de Soro qui crient \u00e0 la \u00ab\u00a0cabale politique\u00a0\u00bb en vue d\u2019\u00e9carter un adversaire s\u00e9rieux. Et autant la d\u00e9cision de la Cour africaine peut para\u00eetre une victoire d\u2019\u00e9tape pour Bogota (le surnom de Soro), autant, avec le maintien de l\u2019audience, on peut avoir le sentiment que les autorit\u00e9s d\u2019Abidjan sont en train de pousser \u00e0 la roue pour parvenir \u00e0 une condamnation de ce dernier.<\/p>\n<p class=\"c3\">Il est difficile de croire que ces dossiers sales n\u2019ont pas \u00e9t\u00e9 opportun\u00e9ment sortis pour les besoins de la cause<\/p>\n<p class=\"c3\">Dans ces conditions, comment ne pas donner raison aux avocats de l\u2019exil\u00e9 de France pour qui le seul objectif de l\u2019audience, est de rendre leur client in\u00e9ligible ? En tout cas, on peut se demander pourquoi c\u2019est maintenant que les questions de d\u00e9tournement de fonds publics et de blanchiment de capitaux, par exemple, sont mises en avant. Est-ce \u00e0 dire que durant tout le temps o\u00f9 Soro se tenait sagement dans les rangs du pouvoir, il \u00e9tait blanc comme neige ? Bien malin qui saurait r\u00e9pondre \u00e0 cette question. Mais, en attendant que sa culpabilit\u00e9 soit prouv\u00e9e, il est difficile de croire que ces dossiers sales n\u2019ont pas \u00e9t\u00e9 opportun\u00e9ment sortis pour les besoins de la cause. Car, le pr\u00e9sident ADO n\u2019a jamais cess\u00e9 de faire comprendre \u00e0 celui qui \u00e9tait, jusqu\u2019\u00e0 une certaine \u00e9poque, consid\u00e9r\u00e9 \u00e0 tort ou \u00e0 raison comme son \u00ab filleul \u00bb, que son avenir \u00e9tait dans le RHDP (Rassemblement des Houphou\u00e9tistes pour la d\u00e9mocratie et la paix). Et si malgr\u00e9 tout, le chef de l\u2019Etat devait vivre la fronde et la rupture de son \u00ab prot\u00e9g\u00e9 \u00bb, suite \u00e0 leur brouille, comme un affront, on peut bien se demander si ceci n\u2019explique pas cela. Quoi qu\u2019il en soit, on ne peut pas reprocher au pouvoir d\u2019Abidjan de demander des comptes \u00e0 Guillaume Soro si ce dernier a pr\u00eat\u00e9 le flanc en plongeant la main dans le cambouis. Et pour une fois qu\u2019ADO avait l\u2019opportunit\u00e9 de montrer qu\u2019il ne juge pas dans un seul camp comme on le lui a si souvent reproch\u00e9, qui lui aurait reproch\u00e9 de ferrer un aussi gros poisson que Soro si ce dernier n\u2019avait pas, entre-temps, migr\u00e9 dans le camp de ses adversaires politiques ? En tout cas on n\u2019imagine pas combien ils sont \u00e0 tra\u00eener des casseroles au sein du pouvoir. Cela dit, les d\u00e9boires judiciaires de l\u2019ex-occupant du perchoir ivoirien, doivent constituer aussi un appel \u00e0 la gouvernance vertueuse pour les leaders politiques, quels que soient les postes o\u00f9 ils sont appel\u00e9s \u00e0 servir. Car, comme le dit l\u2019adage, \u00ab nul ne peut se pr\u00e9valoir de ses propres turpitudes \u00bb.<\/p>\n<p class=\"c3\">Au-del\u00e0, il est difficile de ne pas croire que les cons\u00e9quences politiques de ce proc\u00e8s, c\u2019est de d\u00e9blayer davantage le chemin de la pr\u00e9sidentielle pour le candidat du parti au pouvoir, apr\u00e8s avoir travaill\u00e9 \u00e0 affaiblir tous les autres adversaires. 2020 est-elle pour autant d\u00e9j\u00e0 pli\u00e9e par ADO,\u00a0pour son poulain ? L\u2019histoire nous le dira.<\/p>\n<p class=\"c3\">\u00ab\u00a0Le Pays\u00a0\u00bb<\/p>\n<p>Auteur: Le Pays<br \/>\n<a href=\"http:\/\/lepays.bf\/ouverture-du-proces-de-guillaume-soro-le-pouvoir-ivoirien-ne-lache-pas-prise\/\">Cliquez ici pour lire l&rsquo;article depuis sa source.<\/a><\/p>\n","protected":false},"excerpt":{"rendered":"<p>C\u2019est, en principe, aujourd\u2019hui, 28 avril 2020, que s\u2019ouvre en C\u00f4te d\u2019Ivoire, le proc\u00e8s de l\u2019ex-pr\u00e9sident de l\u2019Assembl\u00e9e nationale, Guillaume Soro, exil\u00e9 en France depuis son retour manqu\u00e9 au pays en d\u00e9cembre dernier. En rappel, l\u2019ex-chef de la r\u00e9bellion ivoirienne est poursuivi, entre autres, pour \u00ab\u00a0tentative d\u2019atteinte \u00e0 l\u2019autorit\u00e9 de l\u2019Etat, d\u00e9tournement de biens publics [&hellip;]<\/p>\n","protected":false},"author":1813,"featured_media":0,"comment_status":"closed","ping_status":"closed","sticky":false,"template":"","format":"standard","meta":{"fifu_image_url":"","fifu_image_alt":"","footnotes":""},"categories":[73,81],"tags":[],"class_list":["post-83617","post","type-post","status-publish","format-standard","hentry","category-actualite","category-burkina-faso"],"_links":{"self":[{"href":"https:\/\/linitiative.ca\/International\/wp-json\/wp\/v2\/posts\/83617","targetHints":{"allow":["GET"]}}],"collection":[{"href":"https:\/\/linitiative.ca\/International\/wp-json\/wp\/v2\/posts"}],"about":[{"href":"https:\/\/linitiative.ca\/International\/wp-json\/wp\/v2\/types\/post"}],"author":[{"embeddable":true,"href":"https:\/\/linitiative.ca\/International\/wp-json\/wp\/v2\/users\/1813"}],"replies":[{"embeddable":true,"href":"https:\/\/linitiative.ca\/International\/wp-json\/wp\/v2\/comments?post=83617"}],"version-history":[{"count":0,"href":"https:\/\/linitiative.ca\/International\/wp-json\/wp\/v2\/posts\/83617\/revisions"}],"wp:attachment":[{"href":"https:\/\/linitiative.ca\/International\/wp-json\/wp\/v2\/media?parent=83617"}],"wp:term":[{"taxonomy":"category","embeddable":true,"href":"https:\/\/linitiative.ca\/International\/wp-json\/wp\/v2\/categories?post=83617"},{"taxonomy":"post_tag","embeddable":true,"href":"https:\/\/linitiative.ca\/International\/wp-json\/wp\/v2\/tags?post=83617"}],"curies":[{"name":"wp","href":"https:\/\/api.w.org\/{rel}","templated":true}]}}