{"id":83618,"date":"2020-04-27T16:09:23","date_gmt":"2020-04-27T20:09:23","guid":{"rendered":"https:\/\/linitiative.ca\/International\/fete-du-travail-sur-fond-de-fronde-sociale-et-de-covid-19-il-faut-trouver-les-moyens-de-remettre-les-burkinabe-au-travail\/"},"modified":"2020-04-27T16:09:23","modified_gmt":"2020-04-27T20:09:23","slug":"fete-du-travail-sur-fond-de-fronde-sociale-et-de-covid-19-il-faut-trouver-les-moyens-de-remettre-les-burkinabe-au-travail","status":"publish","type":"post","link":"https:\/\/linitiative.ca\/International\/fete-du-travail-sur-fond-de-fronde-sociale-et-de-covid-19-il-faut-trouver-les-moyens-de-remettre-les-burkinabe-au-travail\/","title":{"rendered":"FETE DU TRAVAIL SUR FOND DE FRONDE SOCIALE ET DE COVID-19:  Il faut trouver les moyens de remettre les Burkinab\u00e8 au travail"},"content":{"rendered":"<div class=\"stream-item stream-item-above-post-content\">\n<p><noscript><\/p>\n<p><a href=\"\/\/www3.smartadserver.com\/ac?jump=1&amp;nwid=2136&amp;siteid=240610&amp;pgname=rg&amp;fmtid=49046&amp;visit=m&amp;tmstp=[timestamp]&amp;out=nonrich\" target=\"_blank\" rel=\"noopener noreferrer\"><img decoding=\"async\" src=\"\/\/www3.smartadserver.com\/ac?out=nonrich&amp;nwid=2136&amp;siteid=240610&amp;pgname=rg&amp;fmtid=49046&amp;visit=m&amp;tmstp=[timestamp]\" border=\"0\" alt=\"\"\/><\/a><\/p>\n<p><\/noscript><\/div>\n<p class=\"c3\">Le 1er mai, sera c\u00e9l\u00e9br\u00e9e, \u00e0 travers la plan\u00e8te, la Journ\u00e9e internationale du travail. En rappel et pour l\u2019histoire, cette c\u00e9l\u00e9bration prend son origine aux Etats-Unis, \u00e0 Chicago, o\u00f9 le 1er mai 1886, apr\u00e8s une mobilisation importante des syndicats, pr\u00e8s de 300\u00a0000 salari\u00e9s obtiennent la satisfaction d\u2019une revendication qu\u2019ils portaient depuis 2 ans\u00a0: la r\u00e9duction de la journ\u00e9e de travail \u00e0 8 heures, qu\u2019ils obtiennent au prix d\u2019\u00e9normes sacrifices dont notamment le massacre de Haymarket Square. En souvenir de cette mobilisation et de ce succ\u00e8s, les syndicats europ\u00e9ens, \u00e0 travers notamment la II\u00e8me Internationale socialiste r\u00e9unie \u00e0 Paris, en 1889, d\u00e9cident d\u2019instituer une Journ\u00e9e internationale des travailleurs qui sera c\u00e9l\u00e9br\u00e9e tous les 1er mai de chaque ann\u00e9e. Depuis lors, suivant l\u2019histoire de chaque pays, la date d\u00e9sormais prise en compte par les diff\u00e9rentes l\u00e9gislations nationales comme journ\u00e9e ch\u00f4m\u00e9e et f\u00e9ri\u00e9e, est c\u00e9l\u00e9br\u00e9e sous diff\u00e9rentes formes, comme journ\u00e9e des revendications syndicales. Au-del\u00e0 de l\u2019importance historique de cette date qui marque le souvenir des sacrifices consentis par les ouvriers de Chicago et de tous les combattants tomb\u00e9s sur les champs de bataille pour l\u2019am\u00e9lioration des conditions de travail et de vie des travailleurs, nul n\u2019ignore l\u2019importance du travail qui comme le r\u00e9sume bien cette citation de Voltaire,\u00a0\u00a0\u00ab\u00a0 \u00e9loigne de nous trois grands maux\u00a0: l\u2019ennui, le vice et le besoin\u00a0\u00bb. Il m\u00e9rite, de ce fait, cette halte annuelle qui a aussi une importante signification religieuse, notamment chez les chr\u00e9tiens qui c\u00e9l\u00e8brent, \u00e0 l\u2019occasion, Saint Joseph, le p\u00e8re adoptif de J\u00e9sus qu\u2019il \u00e9leva du travail de ses mains.<br \/>Cette ann\u00e9e, au Burkina Faso, comme partout ailleurs dans le monde, la comm\u00e9moration de cette journ\u00e9e internationale du travail intervient dans un contexte assez particulier, marqu\u00e9 par la pand\u00e9mie du Covid-19 qui a impos\u00e9 \u00e0 l\u2019humanit\u00e9 tout enti\u00e8re, ses lois, allant du confinement \u00e0 la mise en quarantaine de certaines villes en passant par les interdictions de rassemblements de grand nombre de personnes.<\/p>\n<p class=\"c3\">La pand\u00e9mie du coronavirus menace de scier l\u2019\u00e9conomie nationale et les pr\u00e9visions de croissance sont des plus alarmantes<\/p>\n<p class=\"c3\">C\u2019est donc dire que la journ\u00e9e du 1er mai qui, d\u2019ordinaire, rythme avec les marches-meetings sous la banni\u00e8re des organisations syndicales avec remise de cahiers de dol\u00e9ances au gouvernement, n\u2019aura pas lieu. Du reste, depuis quelques ann\u00e9es d\u00e9j\u00e0, cette tradition de remise des cahiers de dol\u00e9ances au gouvernement, a \u00e9t\u00e9 interrompue du fait de la rupture du dialogue entre les organisations des travailleurs et les gouvernements successifs de Roch Marc Christian Kabor\u00e9. Ce serait faire dans l\u2019euph\u00e9misme que de dire que le torchon br\u00fble entre les deux partenaires sociaux, notamment au regard de l\u2019actualit\u00e9 de ces derniers temps, marqu\u00e9e par la fronde relative au pr\u00e9l\u00e8vement de l\u2019Imp\u00f4t unique sur les traitements et salaires (IUTS) sur les indemnit\u00e9s des agents de la Fonction publique et son corollaire de coupures et suspensions de salaires. La fronde sociale entam\u00e9e depuis quelques ann\u00e9es d\u00e9j\u00e0, a atteint un niveau rarement \u00e9gal\u00e9 dans l\u2019histoire de notre pays avec parfois des relents de haine insoup\u00e7onn\u00e9s entre syndicats et pouvoir. Et tout laisse croire, au regard de cette atmosph\u00e8re sulfureuse, qu\u2019\u00e0 moins de violents efforts faits sur soi-m\u00eame par chacun des deux camps, l\u2019enterrement de la hache de guerre pour fumer le calumet de la paix, n\u2019est pas pour demain\u00a0; tant le partage du g\u00e2teau qui est la pomme de discorde, fait de nombreux m\u00e9contents et alimente les rancunes. En effet, syndicats et gouvernants n\u2019h\u00e9sitent m\u00eame plus \u00e0 boxer en dessous de la ceinture, foulant au pied la r\u00e9glementation qui existe en mati\u00e8re de conflits de travail.<br \/>Et pourtant, c\u2019est maintenant plus que jamais qu\u2019il faut arr\u00eater de se battre pour se remettre au travail. Car, la pand\u00e9mie du coronavirus menace de scier l\u2019\u00e9conomie nationale et les pr\u00e9visions de croissance sont des plus alarmantes. Il est de l\u2019int\u00e9r\u00eat de tout le monde que la machine de production ne se grippe pas car, pour se partager des richesses, il faut d\u2019abord les cr\u00e9er. Cela dit, tous les regards sont tourn\u00e9s vers le pr\u00e9sident du Faso qui a l\u2019initiative de l\u2019action publique pour trouver les moyens de remettre les Burkinab\u00e8 au travail. Il a d\u2019ailleurs lui-m\u00eame doublement int\u00e9r\u00eat \u00e0 ce que la machine du travail fonctionne \u00e0 nouveau \u00e0 plein r\u00e9gime, car non seulement il a besoin de r\u00e9sultats pour convaincre les \u00e9lecteurs dont il s\u2019appr\u00eate \u00e0 solliciter les voix pour un second mandat, mais il a aussi besoin de faire monter sa cote de popularit\u00e9 au sein de l\u2019opinion publique et de conduire le pays vers des \u00e9lections apais\u00e9es. Et pour ce faire, il ne doit pas perdre de vue que les militants m\u00e9contents des syndicats sont parfois les m\u00eames que ceux des partis politiques.<\/p>\n<p class=\"c3\">Sidzabda<\/p>\n<p>Auteur: Le Pays<br \/>\n<a href=\"http:\/\/lepays.bf\/fete-du-travail-sur-fond-de-fronde-sociale-et-de-covid-19-il-faut-trouver-les-moyens-de-remettre-les-burkinabe-au-travail\/\">Cliquez ici pour lire l&rsquo;article depuis sa source.<\/a><\/p>\n","protected":false},"excerpt":{"rendered":"<p>Le 1er mai, sera c\u00e9l\u00e9br\u00e9e, \u00e0 travers la plan\u00e8te, la Journ\u00e9e internationale du travail. En rappel et pour l\u2019histoire, cette c\u00e9l\u00e9bration prend son origine aux Etats-Unis, \u00e0 Chicago, o\u00f9 le 1er mai 1886, apr\u00e8s une mobilisation importante des syndicats, pr\u00e8s de 300\u00a0000 salari\u00e9s obtiennent la satisfaction d\u2019une revendication qu\u2019ils portaient depuis 2 ans\u00a0: la r\u00e9duction [&hellip;]<\/p>\n","protected":false},"author":1813,"featured_media":0,"comment_status":"closed","ping_status":"closed","sticky":false,"template":"","format":"standard","meta":{"fifu_image_url":"","fifu_image_alt":"","footnotes":""},"categories":[73,81],"tags":[],"class_list":["post-83618","post","type-post","status-publish","format-standard","hentry","category-actualite","category-burkina-faso"],"_links":{"self":[{"href":"https:\/\/linitiative.ca\/International\/wp-json\/wp\/v2\/posts\/83618","targetHints":{"allow":["GET"]}}],"collection":[{"href":"https:\/\/linitiative.ca\/International\/wp-json\/wp\/v2\/posts"}],"about":[{"href":"https:\/\/linitiative.ca\/International\/wp-json\/wp\/v2\/types\/post"}],"author":[{"embeddable":true,"href":"https:\/\/linitiative.ca\/International\/wp-json\/wp\/v2\/users\/1813"}],"replies":[{"embeddable":true,"href":"https:\/\/linitiative.ca\/International\/wp-json\/wp\/v2\/comments?post=83618"}],"version-history":[{"count":0,"href":"https:\/\/linitiative.ca\/International\/wp-json\/wp\/v2\/posts\/83618\/revisions"}],"wp:attachment":[{"href":"https:\/\/linitiative.ca\/International\/wp-json\/wp\/v2\/media?parent=83618"}],"wp:term":[{"taxonomy":"category","embeddable":true,"href":"https:\/\/linitiative.ca\/International\/wp-json\/wp\/v2\/categories?post=83618"},{"taxonomy":"post_tag","embeddable":true,"href":"https:\/\/linitiative.ca\/International\/wp-json\/wp\/v2\/tags?post=83618"}],"curies":[{"name":"wp","href":"https:\/\/api.w.org\/{rel}","templated":true}]}}