{"id":83625,"date":"2020-04-27T15:18:03","date_gmt":"2020-04-27T19:18:03","guid":{"rendered":"https:\/\/linitiative.ca\/International\/le-ministre-de-la-justice-du-liberia-teste-positif-au-covid-19\/"},"modified":"2020-04-27T15:18:03","modified_gmt":"2020-04-27T19:18:03","slug":"le-ministre-de-la-justice-du-liberia-teste-positif-au-covid-19","status":"publish","type":"post","link":"https:\/\/linitiative.ca\/International\/le-ministre-de-la-justice-du-liberia-teste-positif-au-covid-19\/","title":{"rendered":"Le ministre de la Justice du Liberia test\u00e9 positif au Covid-19"},"content":{"rendered":"<div readability=\"32\">\n<p>Publi\u00e9 le 27.04.2020 \u00e0 20h18 par APA News<\/p>\n<\/div>\n<div readability=\"64\">\n<p>Le ministre lib\u00e9rien de la Justice Frank Musa Dean, test\u00e9 positif au Covid-19, est trait\u00e9 actuellement dans un h\u00f4pital en dehors de la capitale Monrovia, ont annonc\u00e9 les autorit\u00e9s sanitaires.Inform\u00e9 dimanche soir des r\u00e9sultats de son test par le Dr Musoko Fallah, directeur de l\u2019Institut national de sant\u00e9 publique (NPHIL), M. Dean aurait \u00e9t\u00e9 contamin\u00e9 apr\u00e8s avoir particip\u00e9 \u00e0 des r\u00e9unions avec le Directeur g\u00e9n\u00e9ral de l\u2019Agence lib\u00e9rienne de lutte anti-drogue (LDEA), Marcus Soko. Ce dernier a d\u2019ailleurs a succomb\u00e9 au nouveau coronavirus.<\/p>\n<p>Toutefois, \u00ab\u00a0les m\u00e9decins de l\u2019h\u00f4pital militaire 14 sont tr\u00e8s professionnels et font de leur mieux\u00a0\u00bb, a fait remarquer le ministre de la Justice, appelant \u00e0 ne pas oublier \u00ab\u00a0que le virus pose un d\u00e9fi m\u00eame aux pays d\u00e9velopp\u00e9s dont les syst\u00e8mes de sant\u00e9 sont beaucoup plus sophistiqu\u00e9s\u00a0\u00bb.<\/p>\n<p>\u00a0\u00ab Pour l\u2019instant, personne ne sait tout sur le virus. Nous devons continuer \u00e0 respecter les protocoles sanitaires, en particulier en ce qui concerne la distanciation sociale \u00bb, a-t-il exhort\u00e9.\u00a0<\/p>\n<p>\u00a0Selon les autorit\u00e9s sanitaires, le Lib\u00e9ria compte actuellement 124 cas d\u00e9clar\u00e9s positifs au virus dont 12 d\u00e9c\u00e8s.<\/p>\n<p>\u00a0Par ailleurs, le pr\u00e9sident George Manneh Weah a d\u00e9cr\u00e9t\u00e9 le port obligatoire du masque pour tous les citoyens en public.<\/p>\n<\/div>\n<p>Auteur: APA News<br \/>\n<a href=\"https:\/\/www.journalducameroun.com\/le-ministre-de-la-justice-du-liberia-teste-positif-au-covid-19\/\">Cliquez ici pour lire l&rsquo;article depuis sa source.<\/a><\/p>\n","protected":false},"excerpt":{"rendered":"<p>Publi\u00e9 le 27.04.2020 \u00e0 20h18 par APA News Le ministre lib\u00e9rien de la Justice Frank Musa Dean, test\u00e9 positif au Covid-19, est trait\u00e9 actuellement dans un h\u00f4pital en dehors de la capitale Monrovia, ont annonc\u00e9 les autorit\u00e9s sanitaires.Inform\u00e9 dimanche soir des r\u00e9sultats de son test par le Dr Musoko Fallah, directeur de l\u2019Institut national de [&hellip;]<\/p>\n","protected":false},"author":1965,"featured_media":0,"comment_status":"closed","ping_status":"closed","sticky":false,"template":"","format":"standard","meta":{"fifu_image_url":"","fifu_image_alt":"","footnotes":""},"categories":[73,82],"tags":[],"class_list":["post-83625","post","type-post","status-publish","format-standard","hentry","category-actualite","category-cameroun"],"_links":{"self":[{"href":"https:\/\/linitiative.ca\/International\/wp-json\/wp\/v2\/posts\/83625","targetHints":{"allow":["GET"]}}],"collection":[{"href":"https:\/\/linitiative.ca\/International\/wp-json\/wp\/v2\/posts"}],"about":[{"href":"https:\/\/linitiative.ca\/International\/wp-json\/wp\/v2\/types\/post"}],"author":[{"embeddable":true,"href":"https:\/\/linitiative.ca\/International\/wp-json\/wp\/v2\/users\/1965"}],"replies":[{"embeddable":true,"href":"https:\/\/linitiative.ca\/International\/wp-json\/wp\/v2\/comments?post=83625"}],"version-history":[{"count":0,"href":"https:\/\/linitiative.ca\/International\/wp-json\/wp\/v2\/posts\/83625\/revisions"}],"wp:attachment":[{"href":"https:\/\/linitiative.ca\/International\/wp-json\/wp\/v2\/media?parent=83625"}],"wp:term":[{"taxonomy":"category","embeddable":true,"href":"https:\/\/linitiative.ca\/International\/wp-json\/wp\/v2\/categories?post=83625"},{"taxonomy":"post_tag","embeddable":true,"href":"https:\/\/linitiative.ca\/International\/wp-json\/wp\/v2\/tags?post=83625"}],"curies":[{"name":"wp","href":"https:\/\/api.w.org\/{rel}","templated":true}]}}