{"id":83627,"date":"2020-04-27T16:18:03","date_gmt":"2020-04-27T20:18:03","guid":{"rendered":"https:\/\/linitiative.ca\/International\/covid-19-au-burkina-on-sadapte-difficilement-au-port-obligatoire-du-masque\/"},"modified":"2020-04-27T16:18:03","modified_gmt":"2020-04-27T20:18:03","slug":"covid-19-au-burkina-on-sadapte-difficilement-au-port-obligatoire-du-masque","status":"publish","type":"post","link":"https:\/\/linitiative.ca\/International\/covid-19-au-burkina-on-sadapte-difficilement-au-port-obligatoire-du-masque\/","title":{"rendered":"Covid-19 : au Burkina, on s\u2019adapte difficilement au port obligatoire du masque"},"content":{"rendered":"<div readability=\"32\">\n<p>Publi\u00e9 le 27.04.2020 \u00e0 21h18 par APA News<\/p>\n<\/div>\n<div readability=\"111\">\n<p>Au premier jour de l\u2019entr\u00e9e en vigueur de la mesure gouvernementale rendant obligatoire le port du masque, ce lundi, plusieurs Ouagalais ont eu du mal \u00e0 se conformer, a constat\u00e9 APA.Au march\u00e9 central de la capitale Ouagadougou, le port de masque n\u2019est pas le fait le plus commun chez commer\u00e7ants, clients ou autres visiteurs qui se croisent et s\u2019interpellent malgr\u00e9 l\u2019injonction de l\u2019Etat burkinab\u00e8 \u00e0 changer de comportement.<\/p>\n<p>Jug\u00e9 capable de freiner la propagation de la pand\u00e9mie, le masque est pourtant accroch\u00e9 aux cous ou mains de certains individus rencontr\u00e9s. C\u2019est le cas de Mariam Sanfo, la vingtaine, qui marchande avec un vendeur en laissant pendre le sien sur l\u2019une de ses oreilles.<\/p>\n<p>\u00ab J\u2019ai enlev\u00e9 partiellement le masque pour pouvoir parler avec le vendeur \u00bb, se justifie-t-elle, sans manquer de reconna\u00eetre que son port est n\u00e9cessaire pour se prot\u00e9ger et prot\u00e9ger ses proches.<\/p>\n<p>Selon elle, la population ne devait pas attendre qu\u2019on l\u2019oblige \u00e0 le porter. \u00ab C\u2019est une question de sant\u00e9 et donc de vie et de mort \u00bb, ajoute la jeune fille.<\/p>\n<p>A l\u2019inverse, le commer\u00e7ant Abdoul Aziz Traor\u00e9, la trentaine, rejette dans un fran\u00e7ais approximatif \u00ab cette histoire de coronavirus (qui) est plut\u00f4t un business pour certaines personnes \u00bb. C\u2019est \u00e0 juste titre, fait-il observer, que personne ne peut l\u2019obliger \u00e0 acheter un masque, \u00e0 plus forte raison le porter.<\/p>\n<p>Pour sa part, Sa\u00efdou Bamogo, m\u00e9canicien, estime que le gouvernement avant d\u2019exiger le port obligatoire des masques ou autres cache-nez, devait songer d\u2019abord \u00e0 leur distribution aux populations.<\/p>\n<p>\u00ab\u00a0Maladie imaginaire\u00a0\u00bb<\/p>\n<p>\u00ab O\u00f9 veut-on que la frange pauvre de la population trouve les moyens pour s\u2019acheter ces masques\u00a0? \u00bb, s\u2019interroge-t-il, avant d\u2019estimer, dans un ton irrit\u00e9, \u00ab que l\u2019on arr\u00eate de d\u00e9ranger les gens avec cette histoire de maladie imaginaire \u00bb.<\/p>\n<p>Face \u00e0 ces sceptiques, le fonctionnaire Pascal Tiendr\u00e9b\u00e9ogo, arborant son masque, conseille aux autorit\u00e9s de multiplier les campagnes de sensibilisation pour les convaincre. Il dit craindre les contestations et affrontements qui pourraient na\u00eetre d\u2019une volont\u00e9 de r\u00e9primer ou verbaliser les potentiels r\u00e9calcitrants.\u00a0<\/p>\n<p>Le Conseil des ministres, en sa s\u00e9ance du 9 avril dernier, avait retenu le lundi 27 avril pour appliquer la mesure relative au port obligatoire du masque sur toute l\u2019entendue du territoire national. Jusque-l\u00e0, les populations \u00e9taient encourag\u00e9es \u00e0 le faire ou \u00e0 en produire, en plus d\u2019autres messages de sensibilisation lanc\u00e9s par les autorit\u00e9s.<\/p>\n<p>Le Burkina Faso qui a enregistr\u00e9 ses deux premiers cas positifs de Covid-19 le 9 mars 2020, compte au jeudi 26 avril, 632 cas positifs dont 453 gu\u00e9risons, 134 patients sous traitement et 42 d\u00e9c\u00e8s.<\/p>\n<\/div>\n<p>Auteur: APA News<br \/>\n<a href=\"https:\/\/www.journalducameroun.com\/covid-19-au-burkina-on-sadapte-difficilement-au-port-obligatoire-du-masque\/\">Cliquez ici pour lire l&rsquo;article depuis sa source.<\/a><\/p>\n","protected":false},"excerpt":{"rendered":"<p>Publi\u00e9 le 27.04.2020 \u00e0 21h18 par APA News Au premier jour de l\u2019entr\u00e9e en vigueur de la mesure gouvernementale rendant obligatoire le port du masque, ce lundi, plusieurs Ouagalais ont eu du mal \u00e0 se conformer, a constat\u00e9 APA.Au march\u00e9 central de la capitale Ouagadougou, le port de masque n\u2019est pas le fait le plus [&hellip;]<\/p>\n","protected":false},"author":1965,"featured_media":0,"comment_status":"closed","ping_status":"closed","sticky":false,"template":"","format":"standard","meta":{"fifu_image_url":"","fifu_image_alt":"","footnotes":""},"categories":[73,82],"tags":[],"class_list":["post-83627","post","type-post","status-publish","format-standard","hentry","category-actualite","category-cameroun"],"_links":{"self":[{"href":"https:\/\/linitiative.ca\/International\/wp-json\/wp\/v2\/posts\/83627","targetHints":{"allow":["GET"]}}],"collection":[{"href":"https:\/\/linitiative.ca\/International\/wp-json\/wp\/v2\/posts"}],"about":[{"href":"https:\/\/linitiative.ca\/International\/wp-json\/wp\/v2\/types\/post"}],"author":[{"embeddable":true,"href":"https:\/\/linitiative.ca\/International\/wp-json\/wp\/v2\/users\/1965"}],"replies":[{"embeddable":true,"href":"https:\/\/linitiative.ca\/International\/wp-json\/wp\/v2\/comments?post=83627"}],"version-history":[{"count":0,"href":"https:\/\/linitiative.ca\/International\/wp-json\/wp\/v2\/posts\/83627\/revisions"}],"wp:attachment":[{"href":"https:\/\/linitiative.ca\/International\/wp-json\/wp\/v2\/media?parent=83627"}],"wp:term":[{"taxonomy":"category","embeddable":true,"href":"https:\/\/linitiative.ca\/International\/wp-json\/wp\/v2\/categories?post=83627"},{"taxonomy":"post_tag","embeddable":true,"href":"https:\/\/linitiative.ca\/International\/wp-json\/wp\/v2\/tags?post=83627"}],"curies":[{"name":"wp","href":"https:\/\/api.w.org\/{rel}","templated":true}]}}