{"id":83628,"date":"2020-04-27T17:18:02","date_gmt":"2020-04-27T21:18:02","guid":{"rendered":"https:\/\/linitiative.ca\/International\/covid-19-le-senegal-a-lepreuve-de-la-circulation-clandestine-interurbaine\/"},"modified":"2020-04-27T17:18:02","modified_gmt":"2020-04-27T21:18:02","slug":"covid-19-le-senegal-a-lepreuve-de-la-circulation-clandestine-interurbaine","status":"publish","type":"post","link":"https:\/\/linitiative.ca\/International\/covid-19-le-senegal-a-lepreuve-de-la-circulation-clandestine-interurbaine\/","title":{"rendered":"Covid-19 : le S\u00e9n\u00e9gal \u00e0 l\u2019\u00e9preuve de la circulation clandestine interurbaine"},"content":{"rendered":"<div readability=\"32\">\n<p>Publi\u00e9 le 27.04.2020 \u00e0 22h18 par APA News<\/p>\n<\/div>\n<div readability=\"122\">\n<p>L\u2019interdiction du transport interurbain pour \u00e9viter la propagation du nouveau coronavirus est loin d\u2019\u00eatre respect\u00e9e au S\u00e9n\u00e9gal, d\u00e9plorent les autorit\u00e9s.Ce lundi, le minist\u00e8re de la Sant\u00e9 a enregistr\u00e9 64 nouvelles contaminations dont 50 cas contacts et 14 communautaires. Un premier patient a \u00e9t\u00e9 recens\u00e9 dans la r\u00e9gion de S\u00e9dhiou (sud).<\/p>\n<p>Selon Lib\u00e9ration, ce sujet a circul\u00e9 entre Louga (centre-nord) et Dakar, avant de rallier S\u00e9dhiou \u00ab\u00a0il y\u2019a de cela cinq jours\u00a0\u00bb, confirmant ainsi \u00ab\u00a0l\u2019existence d\u2019une mafia dans les transports\u00a0\u00bb inter-r\u00e9gionaux pourtant interdits par un arr\u00eat\u00e9 minist\u00e9riel.<\/p>\n<p>C\u2019est une \u00ab\u00a0probl\u00e9matique\u00a0\u00bb, affirme le docteur Abdoulaye Bousso, directeur du Centre des op\u00e9rations d\u2019urgence sanitaire (Cous), intervenant \u00e0 la suite de la lecture du point Covid-19 du jour par la directrice de la Sant\u00e9, pour donner des \u00e9clairages sur la prise en charge de la pand\u00e9mie au S\u00e9n\u00e9gal.<\/p>\n<p>Pour lui, amener les contrevenants \u00e0 respecter la mesure de non circulation d\u2019une r\u00e9gion \u00e0 une autre \u00ab est une question fondamentale si on veut arriver \u00e0 pr\u00e9server certaines r\u00e9gions, et arriver aussi \u00e0 limiter les cas communautaires \u00bb.<\/p>\n<p>D\u00e9j\u00e0, 31 sur les 78 districts sanitaires du pays sont touch\u00e9s, soit un total de \u00ab\u00a011 r\u00e9gions\u00a0\u00bb administratives sur seize. La capitale Dakar et la cit\u00e9 religieuse de Touba restent toutefois les principaux foyers du Covid-19. Elles concentrent \u00e0 elles seules plus des deux tiers des cas dont 442 sont sous traitement ce lundi.<\/p>\n<p>Par ailleurs, les m\u00e9dias rapportent que beaucoup de cas communautaires de ces derniers jours ont fait de longs trajets clandestinement avant d\u2019\u00eatre diagnostiqu\u00e9s positifs \u00e0 la maladie. Selon certains t\u00e9moignages, des transporteurs continuent de convoyer sur des pistes non conventionnelles des personnes, moyennant de fortes sommes.<\/p>\n<p>\u00ab Phase ascendante \u00bb<\/p>\n<p>De plus, le S\u00e9n\u00e9gal a renou\u00e9 hier dimanche avec un cas import\u00e9. Il s\u2019agit d\u2019une dame venue de Guin\u00e9e qui a travers\u00e9 la fronti\u00e8re, via le d\u00e9partement de V\u00e9lingara (sud), \u00e0 bord d\u2019une moto-taxi \u00ab\u00a0Jakarta\u00a0\u00bb. Elle a \u00e9t\u00e9 arr\u00eat\u00e9e par un \u00ab\u00a0comit\u00e9 de vigilance\u00a0\u00bb local, estime le m\u00e9decin-chef du district de Kolda, docteur Yaya Bald\u00e9.<\/p>\n<p>Toutefois, les forces de d\u00e9fense et de s\u00e9curit\u00e9 ne sont pas inactives face \u00e0 ces violations de la loi. Le 23 avril dernier, le pr\u00e9fet du d\u00e9partement de Mbour a fait savoir qu\u2019un \u00ab\u00a0pr\u00e9sum\u00e9 cerveau du r\u00e9seau de transport clandestin\u00a0\u00bb a \u00e9t\u00e9 arr\u00eat\u00e9, promettant que le combat contre cette pratique illicite allait se poursuivre.<\/p>\n<p>Depuis le 2 mars, le S\u00e9n\u00e9gal a recens\u00e9 736 cas positifs au Covid-19 dont 284 gu\u00e9ris, neuf d\u00e9c\u00e8s et un \u00e9vacu\u00e9 dans son pays et \u00ab\u00a0finalement d\u00e9c\u00e9d\u00e9\u00a0\u00bb.<\/p>\n<p>\u00ab\u00a0Nous sommes dans la phase ascendante de la maladie au S\u00e9n\u00e9gal \u00bb, note Dr Abdoulaye Bousso, ajoutant que l\u2019\u00e9quipe charg\u00e9e de la gestion de cette crise est \u00ab\u00a0en train d\u2019\u00e9laborer toutes les strat\u00e9gies pour essayer de limiter un peu cette contamination \u00bb.<\/p>\n<p>Revenant sur certaines sp\u00e9cificit\u00e9s des patients du nouveau coronavirus au S\u00e9n\u00e9gal, le directeur du Cous a soulign\u00e9 que leur \u00e2ge moyen tournait autour de 34 ans\u00a0: \u00ab Ce qui explique la majorit\u00e9 de cas simples \u00bb, et peut-\u00eatre leur gu\u00e9rison rapide. N\u00e9anmoins, un seul malade hospitalis\u00e9 a \u00e9t\u00e9 d\u00e9clar\u00e9 gu\u00e9ri aujourd\u2019hui contrairement aux autres jours o\u00f9 le nombre de remis \u00e9tait plus grand.<\/p>\n<p>Par ailleurs, la strat\u00e9gie du minist\u00e8re de la Sant\u00e9 pour le moment est de d\u00e9pister les \u00ab\u00a0cas contacts\u00a0\u00bb m\u00eame si beaucoup d\u2019observateurs appellent \u00e0 la g\u00e9n\u00e9ralisation du test dans la population. \u00ab La question du d\u00e9pistage de masse n\u2019est pas \u00e0 l\u2019ordre du jour parce qu\u2019il faut toute une strat\u00e9gie et des moyens sp\u00e9cifiques pour pouvoir le faire\u00a0\u00bb, a laiss\u00e9 entendre Dr Bousso.<\/p>\n<p>En outre, il a plaid\u00e9 pour les \u00ab\u00a0tests \u00e0 diagnostic rapide\u00a0\u00bb qui pourraient jouer un grand r\u00f4le dans la prise en charge rapide des patients.<\/p>\n<\/div>\n<p>Auteur: APA News<br \/>\n<a href=\"https:\/\/www.journalducameroun.com\/covid-19-le-senegal-a-lepreuve-de-la-circulation-clandestine-interurbaine\/\">Cliquez ici pour lire l&rsquo;article depuis sa source.<\/a><\/p>\n","protected":false},"excerpt":{"rendered":"<p>Publi\u00e9 le 27.04.2020 \u00e0 22h18 par APA News L\u2019interdiction du transport interurbain pour \u00e9viter la propagation du nouveau coronavirus est loin d\u2019\u00eatre respect\u00e9e au S\u00e9n\u00e9gal, d\u00e9plorent les autorit\u00e9s.Ce lundi, le minist\u00e8re de la Sant\u00e9 a enregistr\u00e9 64 nouvelles contaminations dont 50 cas contacts et 14 communautaires. Un premier patient a \u00e9t\u00e9 recens\u00e9 dans la r\u00e9gion [&hellip;]<\/p>\n","protected":false},"author":1965,"featured_media":0,"comment_status":"closed","ping_status":"closed","sticky":false,"template":"","format":"standard","meta":{"fifu_image_url":"","fifu_image_alt":"","footnotes":""},"categories":[73,82],"tags":[],"class_list":["post-83628","post","type-post","status-publish","format-standard","hentry","category-actualite","category-cameroun"],"_links":{"self":[{"href":"https:\/\/linitiative.ca\/International\/wp-json\/wp\/v2\/posts\/83628","targetHints":{"allow":["GET"]}}],"collection":[{"href":"https:\/\/linitiative.ca\/International\/wp-json\/wp\/v2\/posts"}],"about":[{"href":"https:\/\/linitiative.ca\/International\/wp-json\/wp\/v2\/types\/post"}],"author":[{"embeddable":true,"href":"https:\/\/linitiative.ca\/International\/wp-json\/wp\/v2\/users\/1965"}],"replies":[{"embeddable":true,"href":"https:\/\/linitiative.ca\/International\/wp-json\/wp\/v2\/comments?post=83628"}],"version-history":[{"count":0,"href":"https:\/\/linitiative.ca\/International\/wp-json\/wp\/v2\/posts\/83628\/revisions"}],"wp:attachment":[{"href":"https:\/\/linitiative.ca\/International\/wp-json\/wp\/v2\/media?parent=83628"}],"wp:term":[{"taxonomy":"category","embeddable":true,"href":"https:\/\/linitiative.ca\/International\/wp-json\/wp\/v2\/categories?post=83628"},{"taxonomy":"post_tag","embeddable":true,"href":"https:\/\/linitiative.ca\/International\/wp-json\/wp\/v2\/tags?post=83628"}],"curies":[{"name":"wp","href":"https:\/\/api.w.org\/{rel}","templated":true}]}}