{"id":83633,"date":"2020-04-27T13:17:12","date_gmt":"2020-04-27T17:17:12","guid":{"rendered":"https:\/\/linitiative.ca\/International\/les-hotels-des-confines-en-attente-de-desinfection\/"},"modified":"2020-04-27T13:17:12","modified_gmt":"2020-04-27T17:17:12","slug":"les-hotels-des-confines-en-attente-de-desinfection","status":"publish","type":"post","link":"https:\/\/linitiative.ca\/International\/les-hotels-des-confines-en-attente-de-desinfection\/","title":{"rendered":"Les \u00ab h\u00f4tels des confin\u00e9s \u00bb en attente de d\u00e9sinfection"},"content":{"rendered":"<div id=\"the-post\">\n<div class=\"featured-area featured-area-inner\"><img loading=\"lazy\" decoding=\"async\" width=\"550\" height=\"367\" src=\"https:\/\/ecomatin.net\/wp-content\/uploads\/2020\/04\/hotel-mirador.jpg\" class=\"attachment-jannah-image-post size-jannah-image-post wp-post-image\" alt=\"Hotel Mirador\" srcset=\"https:\/\/ecomatin.net\/wp-content\/uploads\/2020\/04\/hotel-mirador.jpg 550w, https:\/\/ecomatin.net\/wp-content\/uploads\/2020\/04\/hotel-mirador-300x200.jpg 300w\" sizes=\"auto, (max-width: 550px) 100vw, 550px\" data-attachment-id=\"15535\" data-permalink=\"https:\/\/ecomatin.net\/les-hotels-des-confines-en-attente-de-desinfection\/hotel-mirador\/\" data-orig-file=\"https:\/\/ecomatin.net\/wp-content\/uploads\/2020\/04\/hotel-mirador.jpg\" data-orig-size=\"550,367\" data-comments-opened=\"0\" data-image-meta=\"{&quot;aperture&quot;:&quot;0&quot;,&quot;credit&quot;:&quot;&quot;,&quot;camera&quot;:&quot;&quot;,&quot;caption&quot;:&quot;&quot;,&quot;created_timestamp&quot;:&quot;0&quot;,&quot;copyright&quot;:&quot;&quot;,&quot;focal_length&quot;:&quot;0&quot;,&quot;iso&quot;:&quot;0&quot;,&quot;shutter_speed&quot;:&quot;0&quot;,&quot;title&quot;:&quot;&quot;,&quot;orientation&quot;:&quot;0&quot;}\" data-image-title=\"hotel-mirador\" data-image-description=\"\" data-medium-file=\"https:\/\/ecomatin.net\/wp-content\/uploads\/2020\/04\/hotel-mirador-300x200.jpg\" data-large-file=\"https:\/\/ecomatin.net\/wp-content\/uploads\/2020\/04\/hotel-mirador.jpg\"\/> Hotel Mirador<\/div>\n<div class=\"entry-content entry clearfix\" readability=\"40.5619952494\">\n<p>A Yaound\u00e9 \u00e0 \u00ab\u00a0l\u2019h\u00f4tel Mirador\u00a0\u00bb, r\u00e9quisitionn\u00e9 pour abriter les voyageurs en quarantaine,\u00a0\u00a0les activit\u00e9s sont \u00e0 l\u2019arr\u00eat \u00e0 100%.\u00a0\u00a0Le vigile indique\u00a0\u00a0que l\u2019\u00e9tablissement h\u00f4telier est ferm\u00e9 depuis le d\u00e9part des voyageurs mis en quarantaine par le gouvernement camerounais.\u00a0\u00a0Il ajoute avec tristesse que \u00ab\u00a0tout le personnel est au quartier\u00a0\u00bb.\u00a0\u00a0Dans l\u2019enceinte dudit h\u00f4tel et aux encablures, c\u2019est le calme plat. Le hall habituellement bruyant est vide. Pas \u00e2me qui vive au restaurant encore moins au bar.<\/p>\n<p>L\u2019h\u00f4tel \u00ab Safari\u00a0\u00bb \u00e0 Nsam subit quasiment le m\u00eame sort. Toutes les r\u00e9servations annul\u00e9es et l\u2019activit\u00e9 en chute libre. \u00ab\u00a0Nous avons d\u2019\u00e9normes difficult\u00e9s \u00e0 fonctionner depuis la survenue de la pand\u00e9mie\u00a0\u00bb nous explique une source sous anonymat. Aucun client dans l\u2019\u00e9tablissement. Ici on explique la fermeture partielle par la lenteur du gouvernement \u00e0 d\u00e9sinfecter les lieux depuis la mise en quarantaine des passagers du vol SN Brussels 369 arriv\u00e9 au Cameroun dans la nuit du 17 mars 2020.<\/p>\n<p>M\u00eame d\u00e9cor \u00e0 l\u2019h\u00f4tel St-Jacques. L\u2019\u00e9tablissement est \u00e0 la peine \u00e0 cause du Covid-19. Sur une vingtaine de chambres, seuls quelques-unes fonctionnent.<\/p>\n<p>Rappelons que le gouverneur de la r\u00e9gion du Centre avait r\u00e9quisitionn\u00e9 17 h\u00f4tels \u00e0 Yaound\u00e9 pour des besoins de sant\u00e9. Des chambres avaient \u00e9t\u00e9 mises \u00e0 disposition pour confiner les voyageurs arriv\u00e9s au Cameroun et devant observer 14 jours de quarantaine.<\/p>\n<p><strong><code>&gt;&gt;Lire aussi-<\/code><a href=\"https:\/\/ecomatin.net\/la-chaine-hoteliere-la-falaise-ferme-a-douala\/\">Coronavirus : la cha\u00eene h\u00f4teli\u00e8re La Falaise ferme au Cameroun<\/a><\/strong><\/p>\n<div class=\"awac-wrapper awac widget posts-list-widget-13\">\n<h4 class=\"widget-title\">Recent Posts<\/h4>\n<\/div>\n<\/div>\n<\/div>\n<div readability=\"31.5\">\n<div class=\"container-wrapper subscribe-widget widget-inner-wrap subscribe-widget-content\" id=\"post-newsletter\" readability=\"33\">\n<h4>With Product You Purchase<\/h4>\n<h3>Subscribe to our mailing list to get the new updates!<\/h3>\n<p>Lorem ipsum dolor sit amet, consectetur.<\/p>\n<\/div>\n<\/div>\n<p>Auteur: EcoMatin<br \/>\n<a href=\"https:\/\/ecomatin.net\/les-hotels-des-confines-en-attente-de-desinfection\/\">Cliquez ici pour lire l&rsquo;article depuis sa source.<\/a><\/p>\n","protected":false},"excerpt":{"rendered":"<p>Hotel Mirador A Yaound\u00e9 \u00e0 \u00ab\u00a0l\u2019h\u00f4tel Mirador\u00a0\u00bb, r\u00e9quisitionn\u00e9 pour abriter les voyageurs en quarantaine,\u00a0\u00a0les activit\u00e9s sont \u00e0 l\u2019arr\u00eat \u00e0 100%.\u00a0\u00a0Le vigile indique\u00a0\u00a0que l\u2019\u00e9tablissement h\u00f4telier est ferm\u00e9 depuis le d\u00e9part des voyageurs mis en quarantaine par le gouvernement camerounais.\u00a0\u00a0Il ajoute avec tristesse que \u00ab\u00a0tout le personnel est au quartier\u00a0\u00bb.\u00a0\u00a0Dans l\u2019enceinte dudit h\u00f4tel et aux encablures, c\u2019est [&hellip;]<\/p>\n","protected":false},"author":1969,"featured_media":0,"comment_status":"closed","ping_status":"closed","sticky":false,"template":"","format":"standard","meta":{"fifu_image_url":"","fifu_image_alt":"","footnotes":""},"categories":[82,78],"tags":[],"class_list":["post-83633","post","type-post","status-publish","format-standard","hentry","category-cameroun","category-economie"],"_links":{"self":[{"href":"https:\/\/linitiative.ca\/International\/wp-json\/wp\/v2\/posts\/83633","targetHints":{"allow":["GET"]}}],"collection":[{"href":"https:\/\/linitiative.ca\/International\/wp-json\/wp\/v2\/posts"}],"about":[{"href":"https:\/\/linitiative.ca\/International\/wp-json\/wp\/v2\/types\/post"}],"author":[{"embeddable":true,"href":"https:\/\/linitiative.ca\/International\/wp-json\/wp\/v2\/users\/1969"}],"replies":[{"embeddable":true,"href":"https:\/\/linitiative.ca\/International\/wp-json\/wp\/v2\/comments?post=83633"}],"version-history":[{"count":0,"href":"https:\/\/linitiative.ca\/International\/wp-json\/wp\/v2\/posts\/83633\/revisions"}],"wp:attachment":[{"href":"https:\/\/linitiative.ca\/International\/wp-json\/wp\/v2\/media?parent=83633"}],"wp:term":[{"taxonomy":"category","embeddable":true,"href":"https:\/\/linitiative.ca\/International\/wp-json\/wp\/v2\/categories?post=83633"},{"taxonomy":"post_tag","embeddable":true,"href":"https:\/\/linitiative.ca\/International\/wp-json\/wp\/v2\/tags?post=83633"}],"curies":[{"name":"wp","href":"https:\/\/api.w.org\/{rel}","templated":true}]}}