{"id":83640,"date":"2020-04-27T13:17:32","date_gmt":"2020-04-27T17:17:32","guid":{"rendered":"https:\/\/linitiative.ca\/International\/television-et-ramadan-mediocrite-mon-amour\/"},"modified":"2020-04-27T13:17:32","modified_gmt":"2020-04-27T17:17:32","slug":"television-et-ramadan-mediocrite-mon-amour","status":"publish","type":"post","link":"https:\/\/linitiative.ca\/International\/television-et-ramadan-mediocrite-mon-amour\/","title":{"rendered":"T\u00e9l\u00e9vision et ramadan: M\u00e9diocrit\u00e9, mon amour\u2026"},"content":{"rendered":"<div>\n<p class=\"has-text-color has-vivid-cyan-blue-color\"><strong>&laquo;Ramadan et t&eacute;l&eacute;vision&nbsp;publique: je t&rsquo;aime, moi non plus&nbsp;!&raquo; C&rsquo;est d&eacute;sormais une tradition, un rite annuel. En ce mois de Ramadan, notre &laquo;sacr&eacute;e&raquo; t&eacute;l&eacute;vision a l&rsquo;habitude de normaliser avec la m&eacute;diocrit&eacute; pour ne pas dire, haut et fort, de l&rsquo;&eacute;pouser.<\/strong><\/p>\n<p>En effet, il faudrait toujours attendre ce mois sacr&eacute; pour que nos principales cha&icirc;nes puissent nous servir de leur m&ecirc;me soupe du mauvais go&ucirc;t&hellip; &ocirc; combien ennuyeuse et fade! &Agrave; l&rsquo;heure de pointe par excellence, ce sont les pr&eacute;c&eacute;dentes duperies, les m&ecirc;mes d&rsquo;ailleurs, qui se r&eacute;p&egrave;tent &agrave; chaque fois, jusqu&rsquo;&agrave; nouvel ordre&hellip;<\/p>\n<p>Et comme &agrave; l&rsquo;accoutum&eacute;e,<br \/>\nles t&eacute;l&eacute;spectateurs marocains ouvrent le bal des critiques &nbsp;en tirant&nbsp;<br \/>\n&agrave; boulets rouges sur tout ce qui bouge sur petit &eacute;cran. C&rsquo;est d&eacute;sormais un<br \/>\nsport national, mais aussi et surtout un temps fort &agrave; ne pas rater!<\/p>\n<p>D&eacute;j&agrave; sur la toile et les r&eacute;seaux sociaux, les internautes sont d&eacute;&ccedil;us de la qualit&eacute; de grille romanesque, hormis quelques exceptions. Pourtant, la d&eacute;ception est de taille cette ann&eacute;e parce qu&rsquo;on s&rsquo;attendait &agrave; des produits artistiques de grande qualit&eacute; notamment en ces temps de confinement o&ugrave; la t&eacute;l&eacute;vision demeure la seule issue des concitoyennes et concitoyens pour s&rsquo;&eacute;vader, se cultiver, se nourrir et s&rsquo;inspirer davantage.<\/p>\n<p>H&eacute;las, il n&rsquo;en est pas le cas ! Car, on continue toujours &agrave; m&acirc;cher les id&eacute;es, &agrave; recercler les m&ecirc;mes concepts, &agrave; r&eacute;p&eacute;ter les m&ecirc;mes visages qui sont omnipr&eacute;sents et nulle part&hellip; et qui monopolisent le bon nombre de productions ramadanesques sur nos &eacute;crans depuis &laquo;belle lurettes&raquo;.<\/p>\n<p>&nbsp;Alors, comment peut-on rester insensible devant cette cam&eacute;ra dite<br \/>\ncach&eacute;e laissant &agrave; chaque fois qu&rsquo;elle a &eacute;t&eacute;<br \/>\ndiffus&eacute;e un go&ucirc;t amer dans la bouche&nbsp;? Un pur produit manquant de<br \/>\nnouvelles id&eacute;es o&ugrave; le non respect de l&rsquo;intelligence du t&eacute;l&eacute;spectateur est le<br \/>\nma&icirc;tre mot. Quel g&acirc;chis&nbsp;! Or, tous ces cachets et tout cet argent jet&eacute;s<br \/>\npar la fen&ecirc;tre doivent servir &agrave; quelque chose, au moins &agrave; encourager des<br \/>\ncentaines de jeunes&nbsp; laur&eacute;ats d&rsquo;instituts<br \/>\npour monter leurs talents et apporter leur pierre &agrave; l&rsquo;&eacute;difice. Est-il temps de<br \/>\nrepenser chez nous le concept de la t&eacute;l&eacute;vision?<\/p>\n<p>Et pour fuir cette m&eacute;diocrit&eacute; habituelle, une migration massive des internautes et des t&eacute;l&eacute;spectateurs vers d&rsquo;autres plateformes num&eacute;riques, entre autres Youtube a &eacute;t&eacute; enregistr&eacute;e ces derniers temps. C&rsquo;est d&eacute;sormais une alternative &agrave; la qu&ecirc;te de nouvelles productions de qualit&eacute;. Une fuite l&eacute;gitime&hellip; en attendant le changement. T&eacute;l&eacute;vision : &laquo;je t&rsquo;aime, moi non plus!&raquo;.<\/p>\n<p style=\"text-align:right\"><strong>Mohamed Nait Youssef<\/strong> <\/p>\n<p>L&rsquo;article <a rel=\"nofollow\" href=\"http:\/\/albayane.press.ma\/television-et-ramadan-mediocrite-mon-amour.html\">T&eacute;l&eacute;vision et ramadan: M&eacute;diocrit&eacute;, mon amour&hellip;<\/a> est apparu en premier sur <a rel=\"nofollow\" href=\"http:\/\/albayane.press.ma\/\">ALBAYANE<\/a>.<\/p>\n<\/div>\n<p>Auteur: M&rsquo;hammed rahal<br \/>\n<a href=\"http:\/\/albayane.press.ma\/television-et-ramadan-mediocrite-mon-amour.html\">Cliquez ici pour lire l&rsquo;article depuis sa source.<\/a><\/p>\n","protected":false},"excerpt":{"rendered":"<p>&laquo;Ramadan et t&eacute;l&eacute;vision&nbsp;publique: je t&rsquo;aime, moi non plus&nbsp;!&raquo; C&rsquo;est d&eacute;sormais une tradition, un rite annuel. En ce mois de Ramadan, notre &laquo;sacr&eacute;e&raquo; t&eacute;l&eacute;vision a l&rsquo;habitude de normaliser avec la m&eacute;diocrit&eacute; pour ne pas dire, haut et fort, de l&rsquo;&eacute;pouser. En effet, il faudrait toujours attendre ce mois sacr&eacute; pour que nos principales cha&icirc;nes puissent nous [&hellip;]<\/p>\n","protected":false},"author":1760,"featured_media":0,"comment_status":"closed","ping_status":"closed","sticky":false,"template":"","format":"standard","meta":{"fifu_image_url":"","fifu_image_alt":"","footnotes":""},"categories":[73,54],"tags":[],"class_list":["post-83640","post","type-post","status-publish","format-standard","hentry","category-actualite","category-maroc"],"_links":{"self":[{"href":"https:\/\/linitiative.ca\/International\/wp-json\/wp\/v2\/posts\/83640","targetHints":{"allow":["GET"]}}],"collection":[{"href":"https:\/\/linitiative.ca\/International\/wp-json\/wp\/v2\/posts"}],"about":[{"href":"https:\/\/linitiative.ca\/International\/wp-json\/wp\/v2\/types\/post"}],"author":[{"embeddable":true,"href":"https:\/\/linitiative.ca\/International\/wp-json\/wp\/v2\/users\/1760"}],"replies":[{"embeddable":true,"href":"https:\/\/linitiative.ca\/International\/wp-json\/wp\/v2\/comments?post=83640"}],"version-history":[{"count":0,"href":"https:\/\/linitiative.ca\/International\/wp-json\/wp\/v2\/posts\/83640\/revisions"}],"wp:attachment":[{"href":"https:\/\/linitiative.ca\/International\/wp-json\/wp\/v2\/media?parent=83640"}],"wp:term":[{"taxonomy":"category","embeddable":true,"href":"https:\/\/linitiative.ca\/International\/wp-json\/wp\/v2\/categories?post=83640"},{"taxonomy":"post_tag","embeddable":true,"href":"https:\/\/linitiative.ca\/International\/wp-json\/wp\/v2\/tags?post=83640"}],"curies":[{"name":"wp","href":"https:\/\/api.w.org\/{rel}","templated":true}]}}