{"id":83673,"date":"2020-04-27T19:32:00","date_gmt":"2020-04-27T23:32:00","guid":{"rendered":"https:\/\/linitiative.ca\/International\/la-bm-appelle-les-responsables-politiques-a-engager-des-reformes-sur-les-subventions-energetiques\/"},"modified":"2020-04-27T19:32:00","modified_gmt":"2020-04-27T23:32:00","slug":"la-bm-appelle-les-responsables-politiques-a-engager-des-reformes-sur-les-subventions-energetiques","status":"publish","type":"post","link":"https:\/\/linitiative.ca\/International\/la-bm-appelle-les-responsables-politiques-a-engager-des-reformes-sur-les-subventions-energetiques\/","title":{"rendered":"La BM appelle les responsables politiques \u00e0 engager des r\u00e9formes sur les subventions \u00e9nerg\u00e9tiques"},"content":{"rendered":"<p class=\"s3 c3\"><span class=\"c2\">Le choc subi par l\u2019\u00e9conomie mondiale avec la pand\u00e9mie de COVID-19 tire vers le bas la plupart des cours des mati\u00e8res premi\u00e8res et devrait entra\u00eener de nouvelles baisses importantes des prix en 2020, selon la livraison d\u2019avril du\u00a0<em>Commodity Markets Outlook<\/em>\u00a0de la Banque mondiale.<\/span><\/p>\n<p class=\"s3 c3\"><span class=\"c2\">Les produits \u00e9nerg\u00e9tiques et les m\u00e9taux sont les plus touch\u00e9s par l\u2019arr\u00eat brutal de l\u2019activit\u00e9 et les anticipations d\u2019un ralentissement marqu\u00e9 de l\u2019\u00e9conomie mondiale. Les mati\u00e8res premi\u00e8res li\u00e9es au transport, dont le p\u00e9trole notamment, sont celles qui ont d\u00e9viss\u00e9 le plus vite. Malgr\u00e9 un impact plut\u00f4t mod\u00e9r\u00e9 sur l\u2019\u00e9volution de la plupart des produits agricoles, la d\u00e9sorganisation des cha\u00eenes logistiques et les mesures gouvernementales prises pour limiter les exportations ou stocker des denr\u00e9es font planer la menace d\u2019une ins\u00e9curit\u00e9 alimentaire dans certaines r\u00e9gions, indique le rapport.<\/span><\/p>\n<p class=\"s3 c3\"><strong><span class=\"c4\">\u00ab\u00a0En plus d\u2019un co\u00fbt humain effrayant, l\u2019impact \u00e9conomique de la pand\u00e9mie va freiner la demande et entra\u00eener des perturbations au niveau de l\u2019offre, affectant n\u00e9gativement les pays en d\u00e9veloppement tr\u00e8s d\u00e9pendants des produits de base\u00a0\u00bb,<\/span><\/strong> <span class=\"c4\">affirme\u00a0<strong>Ceyla Pazarbasioglu, vice-pr\u00e9sidente de la Banque mondiale pour le p\u00f4le Croissance \u00e9quitable, finance et institutions.<\/strong><\/span><\/p>\n<p class=\"s3 c3\"><span class=\"c2\">Et de poursuivre\u00a0:\u00a0\u00ab\u00a0Les responsables politiques peuvent tirer parti de la baisse des prix p\u00e9troliers pour engager des r\u00e9formes sur les subventions \u00e9nerg\u00e9tiques qui permettront de lib\u00e9rer des moyens et de r\u00e9pondre aux besoins urgents cr\u00e9\u00e9s par la pand\u00e9mie. Il faudra compl\u00e9ter ces r\u00e9formes par un renforcement des filets de protection sociale afin de prot\u00e9ger les membres les plus vuln\u00e9rables de la soci\u00e9t\u00e9. Les d\u00e9cideurs doivent r\u00e9sister \u00e0 la tentation d\u2019imposer des restrictions commerciales et de prendre des mesures qui fragilisent la s\u00e9curit\u00e9 alimentaire, car ce sont les pauvres qui paieront le plus lourd tribut.\u00a0\u00bb<\/span><\/p>\n<p>Auteur: letemps1<br \/>\n<a href=\"http:\/\/www.letemps.com.tn\/article\/113301\/la-bm-appelle-les-responsables-politiques-%C3%A0-engager-des-r%C3%A9formes-sur-les-subventions\">Cliquez ici pour lire l&rsquo;article depuis sa source.<\/a><\/p>\n","protected":false},"excerpt":{"rendered":"<p>Le choc subi par l\u2019\u00e9conomie mondiale avec la pand\u00e9mie de COVID-19 tire vers le bas la plupart des cours des mati\u00e8res premi\u00e8res et devrait entra\u00eener de nouvelles baisses importantes des prix en 2020, selon la livraison d\u2019avril du\u00a0Commodity Markets Outlook\u00a0de la Banque mondiale. Les produits \u00e9nerg\u00e9tiques et les m\u00e9taux sont les plus touch\u00e9s par l\u2019arr\u00eat [&hellip;]<\/p>\n","protected":false},"author":1773,"featured_media":0,"comment_status":"closed","ping_status":"closed","sticky":false,"template":"","format":"standard","meta":{"fifu_image_url":"","fifu_image_alt":"","footnotes":""},"categories":[73,55],"tags":[],"class_list":["post-83673","post","type-post","status-publish","format-standard","hentry","category-actualite","category-tunisie"],"_links":{"self":[{"href":"https:\/\/linitiative.ca\/International\/wp-json\/wp\/v2\/posts\/83673","targetHints":{"allow":["GET"]}}],"collection":[{"href":"https:\/\/linitiative.ca\/International\/wp-json\/wp\/v2\/posts"}],"about":[{"href":"https:\/\/linitiative.ca\/International\/wp-json\/wp\/v2\/types\/post"}],"author":[{"embeddable":true,"href":"https:\/\/linitiative.ca\/International\/wp-json\/wp\/v2\/users\/1773"}],"replies":[{"embeddable":true,"href":"https:\/\/linitiative.ca\/International\/wp-json\/wp\/v2\/comments?post=83673"}],"version-history":[{"count":0,"href":"https:\/\/linitiative.ca\/International\/wp-json\/wp\/v2\/posts\/83673\/revisions"}],"wp:attachment":[{"href":"https:\/\/linitiative.ca\/International\/wp-json\/wp\/v2\/media?parent=83673"}],"wp:term":[{"taxonomy":"category","embeddable":true,"href":"https:\/\/linitiative.ca\/International\/wp-json\/wp\/v2\/categories?post=83673"},{"taxonomy":"post_tag","embeddable":true,"href":"https:\/\/linitiative.ca\/International\/wp-json\/wp\/v2\/tags?post=83673"}],"curies":[{"name":"wp","href":"https:\/\/api.w.org\/{rel}","templated":true}]}}