{"id":83965,"date":"2020-05-01T15:01:40","date_gmt":"2020-05-01T19:01:40","guid":{"rendered":"https:\/\/linitiative.ca\/International\/le-muguet-jour-dapres\/"},"modified":"2020-05-01T15:01:40","modified_gmt":"2020-05-01T19:01:40","slug":"le-muguet-jour-dapres","status":"publish","type":"post","link":"https:\/\/linitiative.ca\/International\/le-muguet-jour-dapres\/","title":{"rendered":"Le muguet, jour d\u2019apr\u00e8s\u2026"},"content":{"rendered":"<p class=\"MsoNoSpacing c4\"><strong class=\"c3\"><span class=\"c2\">Par Samia HARRAR<\/span><\/strong><\/p>\n<p class=\"MsoNoSpacing c6\"><span class=\"c5\">\u00a0<\/span><\/p>\n<p class=\"MsoNoSpacing c6\"><span class=\"c5\">Une fragrance ent\u00eatante. Avec un peu de chances, elle s\u2019ent\u00eatera davantage. Pour accompagner la reprise.<\/span><\/p>\n<p class=\"MsoNoSpacing c6\"><span class=\"c5\">\u00ab J \u00bb moins deux. Et si ce n\u2019\u00e9tait pas une bonne id\u00e9e ? \u00ab J \u00bb moins un ; qui ne tente rien n\u2019a rien. Le jour \u00ab J \u00bb : est-ce qu\u2019on a vraiment le choix ?<\/span><\/p>\n<p class=\"MsoNoSpacing c6\"><span class=\"c5\">A petites touches, comme un peintre s\u2019empare de ses pinceaux pour peaufiner, d\u00e9licatement ses \u00ab pastels \u00bb. Des demi-teintes, du clair-obscur, de la dentelle d\u2019Alen\u00e7on.<\/span><\/p>\n<p class=\"MsoNoSpacing c6\"><span class=\"c5\">Est-ce qu\u2019un d\u00e9confinement cibl\u00e9 pourrait ressembler \u00e0 un tableau de ma\u00eetre ? La r\u00e9alit\u00e9, lorsqu\u2019il faut se la coltiner, g\u00e9n\u00e9ralement, ne s\u2019embarrasse pas de pareilles pr\u00e9cautions. Elle est crue et sans appel. Sous le soleil du mois de mai, elle pourrait faire l\u2019effort d\u2019\u00eatre plus magnanime. Le temps qu\u2019il faudrait au citoyen-lambda pour qu\u2019il retrouve ses marques douces. Jour pair et jour impair, s\u2019il ne s\u2019emm\u00eale les pinceaux, il y a de fortes chances, \u00e0 moins qu\u2019il ne baisse sa garde, qu\u2019il puisse r\u00e9ussir son examen de passage, en permettant au pays, dans la foul\u00e9e, de franchir un nouveau cap, en se d\u00e9lestant d\u2019un autre poids qui lui alourdissait le dos. Mais est-ce si \u00e9vident ? Et est-ce que toutes les pr\u00e9cautions n\u00e9cessaires, \u00e0 sa survie, seront prises, de fait, pour lui baliser son chemin ?<\/span><\/p>\n<p class=\"MsoNoSpacing c6\"><span class=\"c5\">Il faudrait qu\u2019il fasse, comme si cela n\u2019\u00e9tait pas le cas, pour qu\u2019il redouble d\u2019attention et fasse preuve de plus de vigilance. Sachant que sur le terrain de la lutte, contre un ennemi, qui avance, masqu\u00e9, toutes les pr\u00e9cautions d\u2019usage, au moindre oubli, au moindre faux-pas, ne suffiront plus pour se pr\u00e9munir. Il faudrait veiller, toujours, \u00e0 avoir une longueur d\u2019avance.<span class=\"c7\">\u00a0<\/span> Pour ne pas avoir \u00e0 arpenter le chemin \u00e0 rebours\u2026<\/span><\/p>\n<p>Auteur: letemps1<br \/>\n<a href=\"http:\/\/www.letemps.com.tn\/article\/113461\/le-muguet-jour-d%E2%80%99apr%C3%A8s%E2%80%A6\">Cliquez ici pour lire l&rsquo;article depuis sa source.<\/a><\/p>\n","protected":false},"excerpt":{"rendered":"<p>Par Samia HARRAR \u00a0 Une fragrance ent\u00eatante. Avec un peu de chances, elle s\u2019ent\u00eatera davantage. Pour accompagner la reprise. \u00ab J \u00bb moins deux. Et si ce n\u2019\u00e9tait pas une bonne id\u00e9e ? \u00ab J \u00bb moins un ; qui ne tente rien n\u2019a rien. Le jour \u00ab J \u00bb : est-ce qu\u2019on a vraiment [&hellip;]<\/p>\n","protected":false},"author":1773,"featured_media":0,"comment_status":"closed","ping_status":"closed","sticky":false,"template":"","format":"standard","meta":{"fifu_image_url":"","fifu_image_alt":"","footnotes":""},"categories":[73,55],"tags":[],"class_list":["post-83965","post","type-post","status-publish","format-standard","hentry","category-actualite","category-tunisie"],"_links":{"self":[{"href":"https:\/\/linitiative.ca\/International\/wp-json\/wp\/v2\/posts\/83965","targetHints":{"allow":["GET"]}}],"collection":[{"href":"https:\/\/linitiative.ca\/International\/wp-json\/wp\/v2\/posts"}],"about":[{"href":"https:\/\/linitiative.ca\/International\/wp-json\/wp\/v2\/types\/post"}],"author":[{"embeddable":true,"href":"https:\/\/linitiative.ca\/International\/wp-json\/wp\/v2\/users\/1773"}],"replies":[{"embeddable":true,"href":"https:\/\/linitiative.ca\/International\/wp-json\/wp\/v2\/comments?post=83965"}],"version-history":[{"count":0,"href":"https:\/\/linitiative.ca\/International\/wp-json\/wp\/v2\/posts\/83965\/revisions"}],"wp:attachment":[{"href":"https:\/\/linitiative.ca\/International\/wp-json\/wp\/v2\/media?parent=83965"}],"wp:term":[{"taxonomy":"category","embeddable":true,"href":"https:\/\/linitiative.ca\/International\/wp-json\/wp\/v2\/categories?post=83965"},{"taxonomy":"post_tag","embeddable":true,"href":"https:\/\/linitiative.ca\/International\/wp-json\/wp\/v2\/tags?post=83965"}],"curies":[{"name":"wp","href":"https:\/\/api.w.org\/{rel}","templated":true}]}}