{"id":83983,"date":"2020-05-01T14:55:00","date_gmt":"2020-05-01T18:55:00","guid":{"rendered":"https:\/\/linitiative.ca\/International\/ali-ghediri-reste-en-prison\/"},"modified":"2020-05-01T14:55:00","modified_gmt":"2020-05-01T18:55:00","slug":"ali-ghediri-reste-en-prison","status":"publish","type":"post","link":"https:\/\/linitiative.ca\/International\/ali-ghediri-reste-en-prison\/","title":{"rendered":"Ali Ghediri reste en prison"},"content":{"rendered":"<p><br id=\"sep_para_1\" class=\"sep_para access\"\/><\/p>\n<div id=\"para_1\" class=\"para_36749598 resize\">\n<div class=\"texte access firstletter\">La chambre d\u2019accusation d\u2019Alger, a rejet\u00e9 ce jeudi 30 avril, la demande de lib\u00e9ration provisoire de\u00a0\u00a0 l\u2019ex- candidat\u00a0 \u00e0 la pr\u00e9sidentielle et \u00e9galement ex-officiel sup\u00e9rieur de l\u2019arm\u00e9e, Ali Ghediri, introduite par la d\u00e9fense, selon les r\u00e9v\u00e9lations de son avocat, Khaled Bourayou, au Soir d\u2019Alg\u00e9rie.\u00a0\u00a0 \u00abLe magistrat en charge du dossier a fait savoir qu\u2019il avait demand\u00e9 un compl\u00e9ment d\u2019information\u00bb, ce qui est d\u2019apr\u00e8s lui,\u00a0 un \u00abargument destin\u00e9 uniquement \u00e0 maintenir Ali Ghediri en d\u00e9tention\u00bb. Plac\u00e9 depuis bient\u00f4t une ann\u00e9e sous mandat de d\u00e9p\u00f4t (le 13 juin 2019), l\u2019ancien candidat \u00e0 l\u2019\u00e9lection pr\u00e9sidentielle avort\u00e9e du 18 avril 2019, a \u00e9t\u00e9 pratiquement oubli\u00e9 par les m\u00e9dias et les partis politiques. Pour cause,\u00a0 le chef d\u2019inculpation qui lui a \u00e9t\u00e9 imput\u00e9, \u00e0 savoir \u00abcollecte d\u2019information, de nature \u00e0 porter atteinte \u00e0 l\u2019\u00e9conomie nationale au profit de pays \u00e9tranger\u00bb.\u00a0 Ali\u00a0 Ghediri avait affirm\u00e9 le mois de janvier dernier qu\u2019il allait refuser sa lib\u00e9ration provisoire, sans son droit \u00e0 la r\u00e9habilitation.<\/div>\n<\/div>\n<p>Auteur: R\u00e9flexion<br \/>\n<a href=\"https:\/\/www.reflexiondz.net\/Ali-Ghediri-reste-en-prison_a62402.html\">Cliquez ici pour lire l&rsquo;article depuis sa source.<\/a><\/p>\n","protected":false},"excerpt":{"rendered":"<p>La chambre d\u2019accusation d\u2019Alger, a rejet\u00e9 ce jeudi 30 avril, la demande de lib\u00e9ration provisoire de\u00a0\u00a0 l\u2019ex- candidat\u00a0 \u00e0 la pr\u00e9sidentielle et \u00e9galement ex-officiel sup\u00e9rieur de l\u2019arm\u00e9e, Ali Ghediri, introduite par la d\u00e9fense, selon les r\u00e9v\u00e9lations de son avocat, Khaled Bourayou, au Soir d\u2019Alg\u00e9rie.\u00a0\u00a0 \u00abLe magistrat en charge du dossier a fait savoir qu\u2019il avait [&hellip;]<\/p>\n","protected":false},"author":1740,"featured_media":0,"comment_status":"closed","ping_status":"closed","sticky":false,"template":"","format":"standard","meta":{"fifu_image_url":"","fifu_image_alt":"","footnotes":""},"categories":[53,76],"tags":[],"class_list":["post-83983","post","type-post","status-publish","format-standard","hentry","category-algerie","category-regions"],"_links":{"self":[{"href":"https:\/\/linitiative.ca\/International\/wp-json\/wp\/v2\/posts\/83983","targetHints":{"allow":["GET"]}}],"collection":[{"href":"https:\/\/linitiative.ca\/International\/wp-json\/wp\/v2\/posts"}],"about":[{"href":"https:\/\/linitiative.ca\/International\/wp-json\/wp\/v2\/types\/post"}],"author":[{"embeddable":true,"href":"https:\/\/linitiative.ca\/International\/wp-json\/wp\/v2\/users\/1740"}],"replies":[{"embeddable":true,"href":"https:\/\/linitiative.ca\/International\/wp-json\/wp\/v2\/comments?post=83983"}],"version-history":[{"count":0,"href":"https:\/\/linitiative.ca\/International\/wp-json\/wp\/v2\/posts\/83983\/revisions"}],"wp:attachment":[{"href":"https:\/\/linitiative.ca\/International\/wp-json\/wp\/v2\/media?parent=83983"}],"wp:term":[{"taxonomy":"category","embeddable":true,"href":"https:\/\/linitiative.ca\/International\/wp-json\/wp\/v2\/categories?post=83983"},{"taxonomy":"post_tag","embeddable":true,"href":"https:\/\/linitiative.ca\/International\/wp-json\/wp\/v2\/tags?post=83983"}],"curies":[{"name":"wp","href":"https:\/\/api.w.org\/{rel}","templated":true}]}}