{"id":84029,"date":"2020-05-02T14:06:38","date_gmt":"2020-05-02T18:06:38","guid":{"rendered":"https:\/\/linitiative.ca\/International\/la-galerie-127-propose-une-visite-virtuelle-de-lexposition-a-quatre-mains\/"},"modified":"2020-05-02T14:06:38","modified_gmt":"2020-05-02T18:06:38","slug":"la-galerie-127-propose-une-visite-virtuelle-de-lexposition-a-quatre-mains","status":"publish","type":"post","link":"https:\/\/linitiative.ca\/International\/la-galerie-127-propose-une-visite-virtuelle-de-lexposition-a-quatre-mains\/","title":{"rendered":"La Galerie \u00ab\u00a0127\u00a0\u00bb propose une visite virtuelle de l\u2019exposition \u00ab\u00a0A Quatre Mains\u00a0\u00bb"},"content":{"rendered":"<div readability=\"37\">\n<p>Marrakech \u2013 La Galerie \u00ab\u00a0127\u00a0\u00bb propose une visite virtuelle de l\u2019exposition \u00ab\u00a0A Quatre Mains\u00a0\u00bb des artistes fran\u00e7ais Sara Imloul et Nicolas Lefebvre et ce, dans l\u2019objectif de rendre l\u2019art accessible au grand public, aux amateurs d\u2019art et collectionneurs durant cette p\u00e9riode de confinement sanitaire en raison de la propagation de la pand\u00e9mie du coronavirus (Covid-19).<\/p>\n<\/div>\n<div readability=\"97\">\n<p>\u00ab\u00a0Dans l\u2019attente de jours meilleurs et d\u2019avoir le plaisir de vous retrouver, nous vous invitons \u00e0 une visite virtuelle de l\u2019exposition \u00ab\u00a0A Quatre Mains\u00a0\u00bb des artistes Sara Imloul et Nicolas Lefebvre, momentan\u00e9ment suspendue\u00a0\u00bb, lit-on dans l\u2019affiche de pr\u00e9sentation de l\u2019exposition.<\/p>\n<p>En ces circonstances exceptionnelles, les amateurs d\u2019arts auront la possibilit\u00e9 de d\u00e9couvrir \u00e0 distance et sans avoir \u00e0 se d\u00e9placer, les \u0153uvres expos\u00e9es dans le cadre de cette exposition, fruit d\u2019une r\u00e9sidence \u00e0 Marrakech de la photographe Sara Imloul et du sculpteur Nicolas lefebvre.<\/p>\n<p>Accessible \u00e0 partir du lien :\u00a0\u00bbhttps:\/\/vimeo.com\/412055588\u2033, cette visite permet une immersion dans les s\u00e9ries \u00ab\u00a0les passages\u00a0\u00bb et \u00ab\u00a0Das Schloss\u00a0\u00bb de l\u2019artiste Sara Imloul, ainsi que les \u0153uvres sculpturales, de Nicolas Lefebvre qui cr\u00e9e des pi\u00e8ces en assemblant des objets anciens et des mati\u00e8res de diff\u00e9rentes cultures.<\/p>\n<p>Cette exposition, qui fait dialoguer la photographie et la sculpture, tente de rapprocher les visions de deux artistes, fascin\u00e9s tous les deux par les objets anciens, les formes, les mati\u00e8res et leurs \u00e9vocations.<\/p>\n<p>Pour Sara Imloul, photographier ses \u0153uvres c\u2019est fixer sur le papier sensible les traces, les vestiges d\u2019\u00e9poques \u00e0 un moment o\u00f9 le pass\u00e9 n\u2019a jamais eu autant de poids pour le futur. Elle a, en outre, d\u00e9velopp\u00e9 un processus photographique empreint de techniques anciennes et d\u2019exp\u00e9rimentations personnelles qui lui permet de mettre en image son univers myst\u00e9rieux et onirique.<\/p>\n<p>Dans son laboratoire install\u00e9 \u00e0 Dieuze en Lorraine, l\u2019artiste accorde un soin particulier aux tirages, pi\u00e8ces uniques, ouvrag\u00e9es \u00e0 la main. Fascin\u00e9e par la relation charnelle entre mati\u00e8re et lumi\u00e8re, elle accorde une place pr\u00e9dominante au n\u00e9gatif : support de collage.<\/p>\n<p>Nicolas Lefebvre tente, quant \u00e0 lui, de donner vie \u00e0 une \u00e9motion provoqu\u00e9e par la forme d\u2019une pierre trouv\u00e9 dans le d\u00e9sert marocain, d\u2019un morceau de bois. Une pi\u00e8ce antique, un bougeoir berb\u00e8re, ce que la nature a fa\u00e7onn\u00e9 (un coquillage, ses couleurs, ses patines,) peuvent inspirer cet artiste au geste s\u00fbr et instinctif.<\/p>\n<p>En 2008, il ouvre une galerie d\u2019art o\u00f9 il met en sc\u00e8ne d\u2019une mani\u00e8re insolite les peintures, les meubles.<\/p>\n<\/div>\n<p>Auteur: Meriem IGASS<br \/>\n<a href=\"http:\/\/www.mapmarrakech.ma\/fr\/la-galerie-127-propose-une-visite-virtuelle-de-lexposition-a-quatre-mains\/\">Cliquez ici pour lire l&rsquo;article depuis sa source.<\/a><\/p>\n","protected":false},"excerpt":{"rendered":"<p>Marrakech \u2013 La Galerie \u00ab\u00a0127\u00a0\u00bb propose une visite virtuelle de l\u2019exposition \u00ab\u00a0A Quatre Mains\u00a0\u00bb des artistes fran\u00e7ais Sara Imloul et Nicolas Lefebvre et ce, dans l\u2019objectif de rendre l\u2019art accessible au grand public, aux amateurs d\u2019art et collectionneurs durant cette p\u00e9riode de confinement sanitaire en raison de la propagation de la pand\u00e9mie du coronavirus (Covid-19). [&hellip;]<\/p>\n","protected":false},"author":1788,"featured_media":0,"comment_status":"closed","ping_status":"closed","sticky":false,"template":"","format":"standard","meta":{"fifu_image_url":"","fifu_image_alt":"","footnotes":""},"categories":[54,76],"tags":[],"class_list":["post-84029","post","type-post","status-publish","format-standard","hentry","category-maroc","category-regions"],"_links":{"self":[{"href":"https:\/\/linitiative.ca\/International\/wp-json\/wp\/v2\/posts\/84029","targetHints":{"allow":["GET"]}}],"collection":[{"href":"https:\/\/linitiative.ca\/International\/wp-json\/wp\/v2\/posts"}],"about":[{"href":"https:\/\/linitiative.ca\/International\/wp-json\/wp\/v2\/types\/post"}],"author":[{"embeddable":true,"href":"https:\/\/linitiative.ca\/International\/wp-json\/wp\/v2\/users\/1788"}],"replies":[{"embeddable":true,"href":"https:\/\/linitiative.ca\/International\/wp-json\/wp\/v2\/comments?post=84029"}],"version-history":[{"count":0,"href":"https:\/\/linitiative.ca\/International\/wp-json\/wp\/v2\/posts\/84029\/revisions"}],"wp:attachment":[{"href":"https:\/\/linitiative.ca\/International\/wp-json\/wp\/v2\/media?parent=84029"}],"wp:term":[{"taxonomy":"category","embeddable":true,"href":"https:\/\/linitiative.ca\/International\/wp-json\/wp\/v2\/categories?post=84029"},{"taxonomy":"post_tag","embeddable":true,"href":"https:\/\/linitiative.ca\/International\/wp-json\/wp\/v2\/tags?post=84029"}],"curies":[{"name":"wp","href":"https:\/\/api.w.org\/{rel}","templated":true}]}}