{"id":84033,"date":"2020-05-02T15:01:35","date_gmt":"2020-05-02T19:01:35","guid":{"rendered":"https:\/\/linitiative.ca\/International\/le-virus-est-dorigine-naturelle\/"},"modified":"2020-05-02T15:01:35","modified_gmt":"2020-05-02T19:01:35","slug":"le-virus-est-dorigine-naturelle","status":"publish","type":"post","link":"https:\/\/linitiative.ca\/International\/le-virus-est-dorigine-naturelle\/","title":{"rendered":"Le virus est d&rsquo;origine naturelle"},"content":{"rendered":"<p class=\"c8\"><span class=\"c3\">Le coronavirus est bien d&rsquo;<em><span class=\"c2\">\u00ab\u00a0origine naturelle\u00a0\u00bb<\/span><\/em>, selon\u00a0<\/span><a href=\"https:\/\/www.francetvinfo.fr\/sante\/maladie\/coronavirus\/coronavirus-l-immunite-pose-question-et-inquiete-l-oms_3935535.html\"><span class=\"c4\">l&rsquo;OMS<\/span><\/a><span class=\"c7\">. Au moment o\u00f9 le pr\u00e9sident am\u00e9ricain a li\u00e9 le Covid-19 \u00e0 un laboratoire chinois, l&rsquo;Organisation mondiale de\u00a0la sant\u00e9\u00a0<span class=\"c6\">a rappel\u00e9 l&rsquo;origine naturelle du virus. Elle a aussi invit\u00e9 les autorit\u00e9s chinoises \u00e0 participer aux enqu\u00eates\u00a0<em><span class=\"c5\">\u00ab\u00a0en cours ou pr\u00e9vues\u00a0\u00bb<\/span><\/em>\u00a0sur les origines animales du virus.<\/span><\/span><\/p>\n<p class=\"c8\"><span class=\"c3\">Partie de Wuhan en Chine en d\u00e9cembre, l&rsquo;\u00e9pid\u00e9mie a contamin\u00e9 depuis plus de 3,2 millions de personnes dans le monde et fait au moins 230 000 morts, selon un bilan.<em><span class=\"c9\">\u00a0\u00ab\u00a0En ce qui concerne l&rsquo;origine du virus \u00e0 Wuhan, nous avons \u00e9cout\u00e9 de nombreux scientifiques qui ont \u00e9tudi\u00e9 ce virus, et on nous assure que ce virus est d&rsquo;origine naturelle\u00a0\u00bb<\/span><\/em>, a affirm\u00e9 le directeur des programmes d&rsquo;urgence de l&rsquo;Organisation mondiale de la sant\u00e9, Michael Ryan, interrog\u00e9 par un journaliste.<\/span><\/p>\n<h2 class=\"c11\"><span class=\"c10\">\u00a0<\/span><\/h2>\n<h2 class=\"c11\"><span class=\"c10\">De nombreuses critiques contre l&rsquo;OMS<\/span><\/h2>\n<p class=\"c8\"><em><span class=\"c4\">\u00ab\u00a0Ce qui est important, c&rsquo;est que l&rsquo;on d\u00e9termine l&rsquo;h\u00f4te naturel de ce virus\u00a0\u00bb<\/span><\/em><span class=\"c13\">, a-t-il poursuivi, au cours d&rsquo;une conf\u00e9rence de presse virtuelle depuis le si\u00e8ge de l&rsquo;organisation \u00e0 Gen\u00e8ve. Il a expliqu\u00e9 que l&rsquo;<em><span class=\"c12\">\u00ab\u00a0objectif principal est de faire en sorte que nous puissions bien comprendre le virus, que nous comprenions la transmission d&rsquo;animal \u00e0 humain et que nous comprenions comment la barri\u00e8re entre les esp\u00e8ces animale et humaine a \u00e9t\u00e9 franchie\u00a0\u00bb.<\/span><\/em><\/span><\/p>\n<p class=\"c8\"><span class=\"c3\">L&rsquo;objectif de cette \u00e9tude est\u00a0<em><span class=\"c2\">\u00ab\u00a0de mettre en place les mesures de sant\u00e9 publique et de pr\u00e9vention pour emp\u00eacher que cela puisse se reproduire o\u00f9 que ce soit\u00a0\u00bb,<\/span><\/em>\u00a0a-t-il insist\u00e9 \u00e0 plusieurs reprises. Cet appel intervient alors que les autorit\u00e9s sanitaires mondiales sont s\u00e9v\u00e8rement critiqu\u00e9es par les Etats-Unis, qui accusent l&rsquo;OMS d&rsquo;avoir tard\u00e9 \u00e0 alerter afin de ne pas froisser P\u00e9kin.<\/span><\/p>\n<p class=\"c8\"><span class=\"c3\">Le patron de l&rsquo;OMS, Tedros Adhanom Ghebreyesus, a \u00e0 nouveau d\u00e9fendu son action vendredi, soulignant qu&rsquo;il s&rsquo;\u00e9tait lui-m\u00eame rendu en Chine le 28 janvier pour rencontrer le pr\u00e9sident chinois Xi Jinping et convenir de la visite sur place d&rsquo;une \u00e9quipe internationale de scientifiques.\u00a0<em><span class=\"c14\">\u00ab\u00a0Je me rappelle que les gens nous conseillaient de ne pas nous rendre en Chine parce qu&rsquo;on ne savait pas comment le virus se comportait\u00a0\u00bb<\/span><\/em>, a-t-il assur\u00e9, indiquant ne pas avoir eu de s&rsquo;y rendre.<\/span><\/p>\n<p>Auteur: letemps1<br \/>\n<a href=\"http:\/\/www.letemps.com.tn\/article\/113469\/le-virus-est-dorigine-naturelle\">Cliquez ici pour lire l&rsquo;article depuis sa source.<\/a><\/p>\n","protected":false},"excerpt":{"rendered":"<p>Le coronavirus est bien d&rsquo;\u00ab\u00a0origine naturelle\u00a0\u00bb, selon\u00a0l&rsquo;OMS. Au moment o\u00f9 le pr\u00e9sident am\u00e9ricain a li\u00e9 le Covid-19 \u00e0 un laboratoire chinois, l&rsquo;Organisation mondiale de\u00a0la sant\u00e9\u00a0a rappel\u00e9 l&rsquo;origine naturelle du virus. Elle a aussi invit\u00e9 les autorit\u00e9s chinoises \u00e0 participer aux enqu\u00eates\u00a0\u00ab\u00a0en cours ou pr\u00e9vues\u00a0\u00bb\u00a0sur les origines animales du virus. Partie de Wuhan en Chine en [&hellip;]<\/p>\n","protected":false},"author":1773,"featured_media":0,"comment_status":"closed","ping_status":"closed","sticky":false,"template":"","format":"standard","meta":{"fifu_image_url":"","fifu_image_alt":"","footnotes":""},"categories":[73,55],"tags":[],"class_list":["post-84033","post","type-post","status-publish","format-standard","hentry","category-actualite","category-tunisie"],"_links":{"self":[{"href":"https:\/\/linitiative.ca\/International\/wp-json\/wp\/v2\/posts\/84033","targetHints":{"allow":["GET"]}}],"collection":[{"href":"https:\/\/linitiative.ca\/International\/wp-json\/wp\/v2\/posts"}],"about":[{"href":"https:\/\/linitiative.ca\/International\/wp-json\/wp\/v2\/types\/post"}],"author":[{"embeddable":true,"href":"https:\/\/linitiative.ca\/International\/wp-json\/wp\/v2\/users\/1773"}],"replies":[{"embeddable":true,"href":"https:\/\/linitiative.ca\/International\/wp-json\/wp\/v2\/comments?post=84033"}],"version-history":[{"count":0,"href":"https:\/\/linitiative.ca\/International\/wp-json\/wp\/v2\/posts\/84033\/revisions"}],"wp:attachment":[{"href":"https:\/\/linitiative.ca\/International\/wp-json\/wp\/v2\/media?parent=84033"}],"wp:term":[{"taxonomy":"category","embeddable":true,"href":"https:\/\/linitiative.ca\/International\/wp-json\/wp\/v2\/categories?post=84033"},{"taxonomy":"post_tag","embeddable":true,"href":"https:\/\/linitiative.ca\/International\/wp-json\/wp\/v2\/tags?post=84033"}],"curies":[{"name":"wp","href":"https:\/\/api.w.org\/{rel}","templated":true}]}}