{"id":84036,"date":"2020-05-02T15:11:35","date_gmt":"2020-05-02T19:11:35","guid":{"rendered":"https:\/\/linitiative.ca\/International\/pros-al-ahli-aurait-pris-sa-decision-pour-belaili\/"},"modified":"2020-05-02T15:11:35","modified_gmt":"2020-05-02T19:11:35","slug":"pros-al-ahli-aurait-pris-sa-decision-pour-belaili","status":"publish","type":"post","link":"https:\/\/linitiative.ca\/International\/pros-al-ahli-aurait-pris-sa-decision-pour-belaili\/","title":{"rendered":"Pros : Al Ahli aurait pris sa d\u00e9cision pour Belaili"},"content":{"rendered":"<div readability=\"32\">\n<p>Auteur : <span>Riad O.<\/span> <span class=\"time\">samedi 02 mai 2020 16:53<\/span><\/p>\n<\/div>\n<div id=\"post_core\" readability=\"38\">\n<p>Le porte-parole du club saoudien d\u2019Al Ahli, Faysal Zaid a tranch\u00e9 pour l\u2019avenir du joueur Alg\u00e9rien de l\u2019\u00e9quipe, Youcef Belaili. Le dirigeant en question a indiqu\u00e9 \u00e0 la presse locale que Belaili poursuivra bel et bien son aventure avec Al Ahli\u00a0:\u00a0\u00abTous les joueurs vont rester au club. Seul le coach peut d\u00e9cider du d\u00e9part d\u2019un de nos joueurs.\u00bb a-t-il d\u00e9clar\u00e9. Pour rappel, beaucoup de choses ont \u00e9t\u00e9 dites ces derniers temps concernant le possible d\u00e9part de Belaili d\u2019Al Ahli cet \u00e9t\u00e9.<\/p>\n<p><strong>Publi\u00e9 dans :<\/strong> <span>Bela\u00efli<\/span><\/p>\n<\/div>\n<p>Auteur:<br \/>\n<a href=\"http:\/\/www.lebuteur.com\/article\/detail?titre=al-ahli-aurait-pris-sa-decision-pour-belaili&#038;id=95808&#038;utm_source=feedburner&#038;utm_medium=feed&#038;utm_campaign=Feed%3A+GalerieFArtciles+%28Les+derniers+articles++-+lebuteur.com%29\">Cliquez ici pour lire l&rsquo;article depuis sa source.<\/a><\/p>\n","protected":false},"excerpt":{"rendered":"<p>Auteur : Riad O. samedi 02 mai 2020 16:53 Le porte-parole du club saoudien d\u2019Al Ahli, Faysal Zaid a tranch\u00e9 pour l\u2019avenir du joueur Alg\u00e9rien de l\u2019\u00e9quipe, Youcef Belaili. Le dirigeant en question a indiqu\u00e9 \u00e0 la presse locale que Belaili poursuivra bel et bien son aventure avec Al Ahli\u00a0:\u00a0\u00abTous les joueurs vont rester au [&hellip;]<\/p>\n","protected":false},"author":1738,"featured_media":84037,"comment_status":"closed","ping_status":"closed","sticky":false,"template":"","format":"standard","meta":{"fifu_image_url":"","fifu_image_alt":"","footnotes":""},"categories":[53,75],"tags":[],"class_list":["post-84036","post","type-post","status-publish","format-standard","has-post-thumbnail","hentry","category-algerie","category-sport"],"_links":{"self":[{"href":"https:\/\/linitiative.ca\/International\/wp-json\/wp\/v2\/posts\/84036","targetHints":{"allow":["GET"]}}],"collection":[{"href":"https:\/\/linitiative.ca\/International\/wp-json\/wp\/v2\/posts"}],"about":[{"href":"https:\/\/linitiative.ca\/International\/wp-json\/wp\/v2\/types\/post"}],"author":[{"embeddable":true,"href":"https:\/\/linitiative.ca\/International\/wp-json\/wp\/v2\/users\/1738"}],"replies":[{"embeddable":true,"href":"https:\/\/linitiative.ca\/International\/wp-json\/wp\/v2\/comments?post=84036"}],"version-history":[{"count":0,"href":"https:\/\/linitiative.ca\/International\/wp-json\/wp\/v2\/posts\/84036\/revisions"}],"wp:featuredmedia":[{"embeddable":true,"href":"https:\/\/linitiative.ca\/International\/wp-json\/"}],"wp:attachment":[{"href":"https:\/\/linitiative.ca\/International\/wp-json\/wp\/v2\/media?parent=84036"}],"wp:term":[{"taxonomy":"category","embeddable":true,"href":"https:\/\/linitiative.ca\/International\/wp-json\/wp\/v2\/categories?post=84036"},{"taxonomy":"post_tag","embeddable":true,"href":"https:\/\/linitiative.ca\/International\/wp-json\/wp\/v2\/tags?post=84036"}],"curies":[{"name":"wp","href":"https:\/\/api.w.org\/{rel}","templated":true}]}}