{"id":84038,"date":"2020-05-02T15:11:37","date_gmt":"2020-05-02T19:11:37","guid":{"rendered":"https:\/\/linitiative.ca\/International\/ligue-des-champions-madjer-evoque-la-finale-fc-porto-bayern-munich\/"},"modified":"2020-05-02T15:11:37","modified_gmt":"2020-05-02T19:11:37","slug":"ligue-des-champions-madjer-evoque-la-finale-fc-porto-bayern-munich","status":"publish","type":"post","link":"https:\/\/linitiative.ca\/International\/ligue-des-champions-madjer-evoque-la-finale-fc-porto-bayern-munich\/","title":{"rendered":"Ligue des Champions : Madjer \u00e9voque la finale FC Porto \u2013 Bayern Munich"},"content":{"rendered":"<div readability=\"32\">\n<p>Auteur : <span>Riad Ouenzar<\/span> <span class=\"time\">samedi 02 mai 2020 16:54<\/span><\/p>\n<\/div>\n<div id=\"post_core\" readability=\"40\">\n<p>Rabah Madjer a \u00e9voqu\u00e9 de nombreux d\u00e9tails concernant sa fameuse talonnade contre le Bayern Munich lors de la finale de la C1. Lors de son passage dans l\u2019\u00e9mission Allo beIN sur la chaine beIN Sports, Madjer a d\u00e9clar\u00e9\u00a0:\u00a0\u00abLa veille de la rencontre,\u00a0notre gardien de but m\u2019avait confi\u00e9 avoir peur du Bayern. Les Allemands \u00e9taient tr\u00e8s forts \u00e0 l\u2019\u00e9poque. Mais je lui avais dit qu\u2019on allait gagner par deux buts \u00e0 un.\u00bb a-t-il d\u00e9clar\u00e9, avant d\u2019ajouter\u00a0:\u00a0\u00abMon but\u00a0? C\u2019est arriver d\u2019une mani\u00e8re spontan\u00e9e.\u00bb<\/p>\n<p><strong>Publi\u00e9 dans :<\/strong> <span>madjer<\/span> <span>Bayern Munich<\/span> <span>FC Porto<\/span><\/p>\n<\/div>\n<p>Auteur:<br \/>\n<a href=\"http:\/\/www.lebuteur.com\/article\/detail?titre=madjer-evoque-la-finale-fc-porto-bayern-munich&#038;id=95809&#038;utm_source=feedburner&#038;utm_medium=feed&#038;utm_campaign=Feed%3A+GalerieFArtciles+%28Les+derniers+articles++-+lebuteur.com%29\">Cliquez ici pour lire l&rsquo;article depuis sa source.<\/a><\/p>\n","protected":false},"excerpt":{"rendered":"<p>Auteur : Riad Ouenzar samedi 02 mai 2020 16:54 Rabah Madjer a \u00e9voqu\u00e9 de nombreux d\u00e9tails concernant sa fameuse talonnade contre le Bayern Munich lors de la finale de la C1. Lors de son passage dans l\u2019\u00e9mission Allo beIN sur la chaine beIN Sports, Madjer a d\u00e9clar\u00e9\u00a0:\u00a0\u00abLa veille de la rencontre,\u00a0notre gardien de but m\u2019avait [&hellip;]<\/p>\n","protected":false},"author":1738,"featured_media":84039,"comment_status":"closed","ping_status":"closed","sticky":false,"template":"","format":"standard","meta":{"fifu_image_url":"","fifu_image_alt":"","footnotes":""},"categories":[53,75],"tags":[],"class_list":["post-84038","post","type-post","status-publish","format-standard","has-post-thumbnail","hentry","category-algerie","category-sport"],"_links":{"self":[{"href":"https:\/\/linitiative.ca\/International\/wp-json\/wp\/v2\/posts\/84038","targetHints":{"allow":["GET"]}}],"collection":[{"href":"https:\/\/linitiative.ca\/International\/wp-json\/wp\/v2\/posts"}],"about":[{"href":"https:\/\/linitiative.ca\/International\/wp-json\/wp\/v2\/types\/post"}],"author":[{"embeddable":true,"href":"https:\/\/linitiative.ca\/International\/wp-json\/wp\/v2\/users\/1738"}],"replies":[{"embeddable":true,"href":"https:\/\/linitiative.ca\/International\/wp-json\/wp\/v2\/comments?post=84038"}],"version-history":[{"count":0,"href":"https:\/\/linitiative.ca\/International\/wp-json\/wp\/v2\/posts\/84038\/revisions"}],"wp:featuredmedia":[{"embeddable":true,"href":"https:\/\/linitiative.ca\/International\/wp-json\/"}],"wp:attachment":[{"href":"https:\/\/linitiative.ca\/International\/wp-json\/wp\/v2\/media?parent=84038"}],"wp:term":[{"taxonomy":"category","embeddable":true,"href":"https:\/\/linitiative.ca\/International\/wp-json\/wp\/v2\/categories?post=84038"},{"taxonomy":"post_tag","embeddable":true,"href":"https:\/\/linitiative.ca\/International\/wp-json\/wp\/v2\/tags?post=84038"}],"curies":[{"name":"wp","href":"https:\/\/api.w.org\/{rel}","templated":true}]}}