{"id":84040,"date":"2020-05-02T15:11:38","date_gmt":"2020-05-02T19:11:38","guid":{"rendered":"https:\/\/linitiative.ca\/International\/equipe-dalgerie-madjer-raconte-les-coulisses-du-match-algerie-allemagne-de-1982\/"},"modified":"2020-05-02T15:11:38","modified_gmt":"2020-05-02T19:11:38","slug":"equipe-dalgerie-madjer-raconte-les-coulisses-du-match-algerie-allemagne-de-1982","status":"publish","type":"post","link":"https:\/\/linitiative.ca\/International\/equipe-dalgerie-madjer-raconte-les-coulisses-du-match-algerie-allemagne-de-1982\/","title":{"rendered":"Equipe d&rsquo;Alg\u00e9rie : Madjer raconte les coulisses du match Alg\u00e9rie \u2013 Allemagne de 1982"},"content":{"rendered":"<div readability=\"32\">\n<p>Auteur : <span>Riad Ouenzar<\/span> <span class=\"time\">samedi 02 mai 2020 16:55<\/span><\/p>\n<\/div>\n<div id=\"post_core\" readability=\"43\">\n<p>L\u2019ancien s\u00e9lectionneur national, Rabah Madjer est revenu sur le match Alg\u00e9rie \u2013 RFA du Mondial 1982. Lors de son passage dans l\u2019\u00e9mission Allo beIN sur la chaine beIN Sports, Madjer a confi\u00e9\u00a0:\u00a0\u00abJe me souviens que nous avions peur dans le vestiaire avant le d\u00e9but du match.\u00bb \u00a0a-t-il d\u00e9clar\u00e9, avant d\u2019ajouter\u00a0:\u00a0\u00abce fut notre premi\u00e8re participation au Mondial. Et pour notre premi\u00e8re rencontre, nous avons h\u00e9rit\u00e9 du champion d\u2019Europe en titre et de la meilleure s\u00e9lection du monde \u00e0 l\u2019\u00e9poque. Malgr\u00e9 tout, nous avons pu l\u2019emporter.\u00bb \u00e9voquant le second match des Verts lors de ce mondial face \u00e0 l\u2019Autriche, Madjer a reconnu\u00a0:\u00a0\u00abNous avons sous-estim\u00e9 l\u2019Autriche. Cela nous a cout\u00e9 les points de cette rencontre ainsi que l\u2019\u00e9limination au premier tour.\u00bb<\/p>\n<p><strong>Publi\u00e9 dans :<\/strong> <span>algerie<\/span> <span>madjer<\/span> <span>Allemagne<\/span><\/p>\n<\/div>\n<p>Auteur:<br \/>\n<a href=\"http:\/\/www.lebuteur.com\/article\/detail?titre=madjer-raconte-les-coulisses-du-match-algerie-allemagne-de-1982&#038;id=95810&#038;utm_source=feedburner&#038;utm_medium=feed&#038;utm_campaign=Feed%3A+GalerieFArtciles+%28Les+derniers+articles++-+lebuteur.com%29\">Cliquez ici pour lire l&rsquo;article depuis sa source.<\/a><\/p>\n","protected":false},"excerpt":{"rendered":"<p>Auteur : Riad Ouenzar samedi 02 mai 2020 16:55 L\u2019ancien s\u00e9lectionneur national, Rabah Madjer est revenu sur le match Alg\u00e9rie \u2013 RFA du Mondial 1982. Lors de son passage dans l\u2019\u00e9mission Allo beIN sur la chaine beIN Sports, Madjer a confi\u00e9\u00a0:\u00a0\u00abJe me souviens que nous avions peur dans le vestiaire avant le d\u00e9but du match.\u00bb [&hellip;]<\/p>\n","protected":false},"author":1738,"featured_media":84041,"comment_status":"closed","ping_status":"closed","sticky":false,"template":"","format":"standard","meta":{"fifu_image_url":"","fifu_image_alt":"","footnotes":""},"categories":[53,75],"tags":[],"class_list":["post-84040","post","type-post","status-publish","format-standard","has-post-thumbnail","hentry","category-algerie","category-sport"],"_links":{"self":[{"href":"https:\/\/linitiative.ca\/International\/wp-json\/wp\/v2\/posts\/84040","targetHints":{"allow":["GET"]}}],"collection":[{"href":"https:\/\/linitiative.ca\/International\/wp-json\/wp\/v2\/posts"}],"about":[{"href":"https:\/\/linitiative.ca\/International\/wp-json\/wp\/v2\/types\/post"}],"author":[{"embeddable":true,"href":"https:\/\/linitiative.ca\/International\/wp-json\/wp\/v2\/users\/1738"}],"replies":[{"embeddable":true,"href":"https:\/\/linitiative.ca\/International\/wp-json\/wp\/v2\/comments?post=84040"}],"version-history":[{"count":0,"href":"https:\/\/linitiative.ca\/International\/wp-json\/wp\/v2\/posts\/84040\/revisions"}],"wp:featuredmedia":[{"embeddable":true,"href":"https:\/\/linitiative.ca\/International\/wp-json\/"}],"wp:attachment":[{"href":"https:\/\/linitiative.ca\/International\/wp-json\/wp\/v2\/media?parent=84040"}],"wp:term":[{"taxonomy":"category","embeddable":true,"href":"https:\/\/linitiative.ca\/International\/wp-json\/wp\/v2\/categories?post=84040"},{"taxonomy":"post_tag","embeddable":true,"href":"https:\/\/linitiative.ca\/International\/wp-json\/wp\/v2\/tags?post=84040"}],"curies":[{"name":"wp","href":"https:\/\/api.w.org\/{rel}","templated":true}]}}