{"id":84044,"date":"2020-05-02T15:16:29","date_gmt":"2020-05-02T19:16:29","guid":{"rendered":"https:\/\/linitiative.ca\/International\/oms-la-pandemie-reste-une-urgence-de-sante-publique-de-portee-internationale\/"},"modified":"2020-05-02T15:16:29","modified_gmt":"2020-05-02T19:16:29","slug":"oms-la-pandemie-reste-une-urgence-de-sante-publique-de-portee-internationale","status":"publish","type":"post","link":"https:\/\/linitiative.ca\/International\/oms-la-pandemie-reste-une-urgence-de-sante-publique-de-portee-internationale\/","title":{"rendered":"OMS : La pand\u00e9mie reste  \u00abune urgence de sant\u00e9 publique de port\u00e9e internationale\u00bb"},"content":{"rendered":"<p>Le directeur g\u00e9n\u00e9ral de l&rsquo;Organisation mondiale de la sant\u00e9 (OMS), Tedros Adhanom Ghebreyesus, a confirm\u00e9 vendredi que la pand\u00e9mie de COVID-19 restait \u00abune urgence de sant\u00e9 publique de port\u00e9e internationale\u00bb, un jour apr\u00e8s avoir convoqu\u00e9 les experts du comit\u00e9 d&rsquo;urgence afin d&rsquo;\u00e9valuer l&rsquo;\u00e9volution de la crise sanitaire.<br \/>\u00abNous acceptons l&rsquo;avis du comit\u00e9 selon lequel l&rsquo;OMS s&rsquo;efforce d&rsquo;identifier la source animale du virus par le biais de missions scientifiques et de collaboration internationale\u00bb, a d\u00e9clar\u00e9 le chef de l&rsquo;OMS, tout en remerciant le comit\u00e9 pour sa confiance envers l&rsquo;aptitude de l&rsquo;OMS \u00e0 diriger et \u00e0 coordonner la r\u00e9ponse mondiale \u00e0 la pand\u00e9mie. \u00abNous sommes d\u00e9termin\u00e9s \u00e0 remplir ce r\u00f4le et \u00e0 acc\u00e9l\u00e9rer nos efforts\u00bb, a affirm\u00e9 le chef de l&rsquo;OMS.<br \/>L&rsquo;institution sanitaire continuera \u00e0 aider les pays \u00e0 maintenir les services de sant\u00e9 essentiels, notamment la vaccination, les soins aux femmes pendant la grossesse et l&rsquo;accouchement, et les soins pour les maladies non transmissibles.<br \/>L\u2019organisation bas\u00e9e \u00e0 Gen\u00e8ve encourage \u00e9galement les pays \u00e0 suivre ses conseils, qui sont mis \u00e0 jour \u00aben permanence\u00bb, ainsi que ceux \u00e9mis par le comit\u00e9 d&rsquo;urgence.<\/p>\n<p>Auteur: elmoudjahid<br \/>\n<a href=\"http:\/\/www.elmoudjahid.com\/fr\/actualites\/152638\">Cliquez ici pour lire l&rsquo;article depuis sa source.<\/a><\/p>\n","protected":false},"excerpt":{"rendered":"<p>Le directeur g\u00e9n\u00e9ral de l&rsquo;Organisation mondiale de la sant\u00e9 (OMS), Tedros Adhanom Ghebreyesus, a confirm\u00e9 vendredi que la pand\u00e9mie de COVID-19 restait \u00abune urgence de sant\u00e9 publique de port\u00e9e internationale\u00bb, un jour apr\u00e8s avoir convoqu\u00e9 les experts du comit\u00e9 d&rsquo;urgence afin d&rsquo;\u00e9valuer l&rsquo;\u00e9volution de la crise sanitaire.\u00abNous acceptons l&rsquo;avis du comit\u00e9 selon lequel l&rsquo;OMS s&rsquo;efforce [&hellip;]<\/p>\n","protected":false},"author":1744,"featured_media":0,"comment_status":"closed","ping_status":"closed","sticky":false,"template":"","format":"standard","meta":{"fifu_image_url":"","fifu_image_alt":"","footnotes":""},"categories":[73,53],"tags":[],"class_list":["post-84044","post","type-post","status-publish","format-standard","hentry","category-actualite","category-algerie"],"_links":{"self":[{"href":"https:\/\/linitiative.ca\/International\/wp-json\/wp\/v2\/posts\/84044","targetHints":{"allow":["GET"]}}],"collection":[{"href":"https:\/\/linitiative.ca\/International\/wp-json\/wp\/v2\/posts"}],"about":[{"href":"https:\/\/linitiative.ca\/International\/wp-json\/wp\/v2\/types\/post"}],"author":[{"embeddable":true,"href":"https:\/\/linitiative.ca\/International\/wp-json\/wp\/v2\/users\/1744"}],"replies":[{"embeddable":true,"href":"https:\/\/linitiative.ca\/International\/wp-json\/wp\/v2\/comments?post=84044"}],"version-history":[{"count":0,"href":"https:\/\/linitiative.ca\/International\/wp-json\/wp\/v2\/posts\/84044\/revisions"}],"wp:attachment":[{"href":"https:\/\/linitiative.ca\/International\/wp-json\/wp\/v2\/media?parent=84044"}],"wp:term":[{"taxonomy":"category","embeddable":true,"href":"https:\/\/linitiative.ca\/International\/wp-json\/wp\/v2\/categories?post=84044"},{"taxonomy":"post_tag","embeddable":true,"href":"https:\/\/linitiative.ca\/International\/wp-json\/wp\/v2\/tags?post=84044"}],"curies":[{"name":"wp","href":"https:\/\/api.w.org\/{rel}","templated":true}]}}